{"id":17238,"date":"2021-11-29T09:40:29","date_gmt":"2021-11-29T15:40:29","guid":{"rendered":"https:\/\/a3noticias.com.mx\/sandbox\/?p=17238"},"modified":"2021-11-29T09:40:31","modified_gmt":"2021-11-29T15:40:31","slug":"se-descarta-cierre-de-actividades-por-variante-omicron-no-hay-motivos-de-riesgo-amlo","status":"publish","type":"post","link":"https:\/\/a3noticias.com.mx\/sandbox\/2021\/11\/29\/se-descarta-cierre-de-actividades-por-variante-omicron-no-hay-motivos-de-riesgo-amlo\/","title":{"rendered":"Se descarta cierre de actividades por variante \u00d3micron. \u00abNo hay motivos de riesgo\u00bb: AMLO."},"content":{"rendered":"\n<p>El presidente Andr\u00e9s Manuel L\u00f3pez Obrador, durante la conferencia \u2018La Ma\u00f1anera\u2019 de este lunes, dijo que su gobierno no tiene contemplado el cierre de actividades ante la nueva variante de Covid-19 \u00d3micron, la cual ha comenzado a extenderse por el mundo.&nbsp;<\/p>\n\n\n\n<p>El jefe del Ejecutivo resalt\u00f3 que se ha avanzado mucho con la vacuna y que se va a intensificar a\u00fan m\u00e1s el programa pues, seg\u00fan mencion\u00f3, hasta el momento los datos que se tienen de la nueva variante no arrojan que las vacunas no sean efectivas para enfrentarla.<\/p>\n\n\n\n<blockquote class=\"wp-block-quote is-layout-flow wp-block-quote-is-layout-flow\"><p>\u201cNo se puede decir las vacunas no sirven, al contrario, lo que est\u00e1 demostrado, comprobado, es que lo mejor es la vacuna para prevenir, por eso tenemos que seguir vacunando a los que se han quedado rezagados, todos tenemos que vacunarnos, y ya empezamos a vacunar a los j\u00f3venes\u201d<\/p><\/blockquote>\n\n\n\n<p>El mandatario federal se\u00f1al\u00f3 que su gobierno est\u00e1 llevando a cabo un seguimiento sobre la variante y que hasta el momento no hay elementos para preocuparse,&nbsp;<\/p>\n\n\n\n<p>\u201cNo hay motivos de riesgo, de acuerdo a los reportes que me han entregado los especialistas (&#8230;) si va a ampliarse, si va a llegar a todos los pa\u00edses, pero sobre todo, sobre el grado de peligro que representa, es decir, en cuanto a contagios y fallecimientos\u201d<\/p>\n\n\n\n<p>De acuerdo con la Organizaci\u00f3n Mundial de la Salud (OMS), la nueva variante parece ser m\u00e1s contagiosa que las anteriores, aunque todav\u00eda no se tienen datos para determinar si es m\u00e1s o menos resistente a las vacunas contra la covid.<\/p>\n\n\n\n<p>M\u00e9xico acumula casi 3.9 millones de casos de coronavirus y cerca de 294,000 muertes, situ\u00e1ndose como el cuarto pa\u00eds del mundo con m\u00e1s decesos. La mitad de los 126 millones de habitantes de M\u00e9xico han sido inmunizados con el esquema completo de vacunaci\u00f3n.<\/p>\n","protected":false},"excerpt":{"rendered":"<p>El presidente Andr\u00e9s Manuel L\u00f3pez Obrador, durante la conferencia \u2018La Ma\u00f1anera\u2019 de este lunes, dijo que su gobierno no tiene contemplado el cierre de actividades ante la nueva variante de &hellip; <a href=\"https:\/\/a3noticias.com.mx\/sandbox\/2021\/11\/29\/se-descarta-cierre-de-actividades-por-variante-omicron-no-hay-motivos-de-riesgo-amlo\/\" class=\"more-link\">Leer m\u00e1s<\/a><\/p>\n","protected":false},"author":2,"featured_media":17239,"comment_status":"open","ping_status":"open","sticky":false,"template":"","format":"standard","meta":{"_monsterinsights_skip_tracking":false,"_monsterinsights_sitenote_active":false,"_monsterinsights_sitenote_note":"","_monsterinsights_sitenote_category":0,"footnotes":""},"categories":[3],"tags":[],"class_list":["post-17238","post","type-post","status-publish","format-standard","has-post-thumbnail","hentry","category-nal","entry"],"aioseo_notices":[],"_links":{"self":[{"href":"https:\/\/a3noticias.com.mx\/sandbox\/wp-json\/wp\/v2\/posts\/17238","targetHints":{"allow":["GET"]}}],"collection":[{"href":"https:\/\/a3noticias.com.mx\/sandbox\/wp-json\/wp\/v2\/posts"}],"about":[{"href":"https:\/\/a3noticias.com.mx\/sandbox\/wp-json\/wp\/v2\/types\/post"}],"author":[{"embeddable":true,"href":"https:\/\/a3noticias.com.mx\/sandbox\/wp-json\/wp\/v2\/users\/2"}],"replies":[{"embeddable":true,"href":"https:\/\/a3noticias.com.mx\/sandbox\/wp-json\/wp\/v2\/comments?post=17238"}],"version-history":[{"count":1,"href":"https:\/\/a3noticias.com.mx\/sandbox\/wp-json\/wp\/v2\/posts\/17238\/revisions"}],"predecessor-version":[{"id":17240,"href":"https:\/\/a3noticias.com.mx\/sandbox\/wp-json\/wp\/v2\/posts\/17238\/revisions\/17240"}],"wp:featuredmedia":[{"embeddable":true,"href":"https:\/\/a3noticias.com.mx\/sandbox\/wp-json\/wp\/v2\/media\/17239"}],"wp:attachment":[{"href":"https:\/\/a3noticias.com.mx\/sandbox\/wp-json\/wp\/v2\/media?parent=17238"}],"wp:term":[{"taxonomy":"category","embeddable":true,"href":"https:\/\/a3noticias.com.mx\/sandbox\/wp-json\/wp\/v2\/categories?post=17238"},{"taxonomy":"post_tag","embeddable":true,"href":"https:\/\/a3noticias.com.mx\/sandbox\/wp-json\/wp\/v2\/tags?post=17238"}],"curies":[{"name":"wp","href":"https:\/\/api.w.org\/{rel}","templated":true}]}}