{"id":17244,"date":"2021-11-29T11:16:27","date_gmt":"2021-11-29T17:16:27","guid":{"rendered":"https:\/\/a3noticias.com.mx\/sandbox\/?p=17244"},"modified":"2021-11-29T11:16:30","modified_gmt":"2021-11-29T17:16:30","slug":"podria-haber-carril-confinado-para-qrobus-y-ciclovia-en-avenida-5-de-febrero","status":"publish","type":"post","link":"https:\/\/a3noticias.com.mx\/sandbox\/2021\/11\/29\/podria-haber-carril-confinado-para-qrobus-y-ciclovia-en-avenida-5-de-febrero\/","title":{"rendered":"Podr\u00eda haber carril confinado para QroB\u00fas y ciclov\u00eda en Avenida 5 de Febrero."},"content":{"rendered":"\n<p>La Secretar\u00eda de Desarrollo Urbano y Obras P\u00fablicas (SDUOP), se\u00f1al\u00f3 que se est\u00e1 analizando la posibilidad de un carril confinado exclusivo para el transporte p\u00fablico y una ciclov\u00eda en la Avenida 5 de febrero, luego de haberse descartado el proyecto del segundo piso.<\/p>\n\n\n\n<p>De acuerdo con el titular de la dependencia estatal, Fernando Gonz\u00e1lez, esta posibilidad es estudiada para atender el problema de movilidad que registra Avenida 5 de febrero y mejorar el tr\u00e1nsito vehicular.<\/p>\n\n\n\n<p>El secretario record\u00f3 que trabajan en coordinaci\u00f3n con el Colegio de Arquitectos y el de Ingenieros, con el prop\u00f3sito de determinar el proyecto m\u00e1s viable para ejecutar la reingenier\u00eda de la vialidad, la cual registra un aforo de 110 mil veh\u00edculos al d\u00eda, as\u00ed como el tr\u00e1nsito de un importante n\u00famero de bicicletas y peatones que no cuentan con la infraestructura pertinente y las condiciones necesarias.&nbsp;<\/p>\n\n\n\n<p>El funcionario dijo que a m\u00e1s tardar en la segunda semana de diciembre se dar\u00e1 a conocer el esquema de trabajo para intervenir Avenida 5 de Febrero.<\/p>\n","protected":false},"excerpt":{"rendered":"<p>La Secretar\u00eda de Desarrollo Urbano y Obras P\u00fablicas (SDUOP), se\u00f1al\u00f3 que se est\u00e1 analizando la posibilidad de un carril confinado exclusivo para el transporte p\u00fablico y una ciclov\u00eda en la &hellip; <a href=\"https:\/\/a3noticias.com.mx\/sandbox\/2021\/11\/29\/podria-haber-carril-confinado-para-qrobus-y-ciclovia-en-avenida-5-de-febrero\/\" class=\"more-link\">Leer m\u00e1s<\/a><\/p>\n","protected":false},"author":2,"featured_media":17143,"comment_status":"open","ping_status":"open","sticky":false,"template":"","format":"standard","meta":{"_monsterinsights_skip_tracking":false,"_monsterinsights_sitenote_active":false,"_monsterinsights_sitenote_note":"","_monsterinsights_sitenote_category":0,"footnotes":""},"categories":[2],"tags":[],"class_list":["post-17244","post","type-post","status-publish","format-standard","has-post-thumbnail","hentry","category-qro","entry"],"aioseo_notices":[],"_links":{"self":[{"href":"https:\/\/a3noticias.com.mx\/sandbox\/wp-json\/wp\/v2\/posts\/17244","targetHints":{"allow":["GET"]}}],"collection":[{"href":"https:\/\/a3noticias.com.mx\/sandbox\/wp-json\/wp\/v2\/posts"}],"about":[{"href":"https:\/\/a3noticias.com.mx\/sandbox\/wp-json\/wp\/v2\/types\/post"}],"author":[{"embeddable":true,"href":"https:\/\/a3noticias.com.mx\/sandbox\/wp-json\/wp\/v2\/users\/2"}],"replies":[{"embeddable":true,"href":"https:\/\/a3noticias.com.mx\/sandbox\/wp-json\/wp\/v2\/comments?post=17244"}],"version-history":[{"count":1,"href":"https:\/\/a3noticias.com.mx\/sandbox\/wp-json\/wp\/v2\/posts\/17244\/revisions"}],"predecessor-version":[{"id":17245,"href":"https:\/\/a3noticias.com.mx\/sandbox\/wp-json\/wp\/v2\/posts\/17244\/revisions\/17245"}],"wp:featuredmedia":[{"embeddable":true,"href":"https:\/\/a3noticias.com.mx\/sandbox\/wp-json\/wp\/v2\/media\/17143"}],"wp:attachment":[{"href":"https:\/\/a3noticias.com.mx\/sandbox\/wp-json\/wp\/v2\/media?parent=17244"}],"wp:term":[{"taxonomy":"category","embeddable":true,"href":"https:\/\/a3noticias.com.mx\/sandbox\/wp-json\/wp\/v2\/categories?post=17244"},{"taxonomy":"post_tag","embeddable":true,"href":"https:\/\/a3noticias.com.mx\/sandbox\/wp-json\/wp\/v2\/tags?post=17244"}],"curies":[{"name":"wp","href":"https:\/\/api.w.org\/{rel}","templated":true}]}}