{"id":17276,"date":"2021-11-30T14:36:37","date_gmt":"2021-11-30T20:36:37","guid":{"rendered":"https:\/\/a3noticias.com.mx\/sandbox\/?p=17276"},"modified":"2021-11-30T14:36:40","modified_gmt":"2021-11-30T20:36:40","slug":"locatarios-del-centro-historico-esperan-recuperarse-en-ventas-ante-modificaciones-en-medidas-por-escenario-a","status":"publish","type":"post","link":"https:\/\/a3noticias.com.mx\/sandbox\/2021\/11\/30\/locatarios-del-centro-historico-esperan-recuperarse-en-ventas-ante-modificaciones-en-medidas-por-escenario-a\/","title":{"rendered":"Locatarios del Centro Hist\u00f3rico esperan recuperarse en ventas ante modificaciones en medidas por escenario \u201cA\u201d"},"content":{"rendered":"\n<p>Luego de que el Gobierno estatal anunciara en d\u00edas pasados las medidas derivadas del escenario \u201cA\u201d en la entidad, en las que el aumento de aforo permitido en los comercios ahora ser\u00e1 del 85 por ciento, y la venta de alcohol no tendr\u00e1 restricciones de horarios, los locatarios del Centro Hist\u00f3rico prev\u00e9n alcanzar las ventas que se ten\u00edan antes de la pandemia.<\/p>\n\n\n\n<blockquote class=\"wp-block-quote is-layout-flow wp-block-quote-is-layout-flow\"><p>\u201cSon noticias muy buenas para los locatarios, sin duda con el aumento en el aforo y la venta de alcohol sin restricciones los negocios podr\u00edan alcanzar ventas totales del 95%, es decir tendr\u00edamos casi las mismas ventas que ten\u00edamos en estas mismas fechas antes del COVID\u201d, se\u00f1al\u00f3 Antonio Torres, presidente de la Alianza por el Centro Hist\u00f3rico.<\/p><\/blockquote>\n\n\n\n<p>Asimismo, Torres detall\u00f3 que por su parte, la alianza continuar\u00e1 actuando con responsabilidad, pues el que el escenario \u201cA\u201d se mantenga en el estado es de suma importancia para el comercio.<\/p>\n\n\n\n<blockquote class=\"wp-block-quote is-layout-flow wp-block-quote-is-layout-flow\"><p>\u201cSin duda aplaudimos las medidas anunciadas, esto es el resultado del esfuerzo con el que hemos trabajado los locatarios del primer cuadro de ciudad, nosotros seguiremos aplicando las medidas de salubridad que ya todos conocemos, no bajaremos la guardia, nosotros somos los primeros interesados en que los \u00edndices de contagios sigan a la baja, sobre todo en este cierre de a\u00f1o, que son fechas muy importantes para los locatarios\u201d, recalc\u00f3.<\/p><\/blockquote>\n\n\n\n<p>Las nuevas medidas vigentes anunciadas por el Gobierno del Estado, permiten un aforo de hasta el 75 por ciento en centros comerciales,&nbsp; y el cierre de acuerdo con su licencia de funcionamiento; para el comercio en general, se permite un aforo de hasta el 85 por ciento y se han quitado las restricciones de horario para la venta de alcohol.<\/p>\n\n\n\n<p>Los locatarios deber\u00e1n seguir las medidas vigentes, las cuales incluyen durante todo momento el uso de cubreboca de manera obligatoria.<\/p>\n","protected":false},"excerpt":{"rendered":"<p>Luego de que el Gobierno estatal anunciara en d\u00edas pasados las medidas derivadas del escenario \u201cA\u201d en la entidad, en las que el aumento de aforo permitido en los comercios &hellip; <a href=\"https:\/\/a3noticias.com.mx\/sandbox\/2021\/11\/30\/locatarios-del-centro-historico-esperan-recuperarse-en-ventas-ante-modificaciones-en-medidas-por-escenario-a\/\" class=\"more-link\">Leer m\u00e1s<\/a><\/p>\n","protected":false},"author":4,"featured_media":17277,"comment_status":"open","ping_status":"open","sticky":false,"template":"","format":"standard","meta":{"_monsterinsights_skip_tracking":false,"_monsterinsights_sitenote_active":false,"_monsterinsights_sitenote_note":"","_monsterinsights_sitenote_category":0,"footnotes":""},"categories":[2],"tags":[],"class_list":["post-17276","post","type-post","status-publish","format-standard","has-post-thumbnail","hentry","category-qro","entry"],"aioseo_notices":[],"_links":{"self":[{"href":"https:\/\/a3noticias.com.mx\/sandbox\/wp-json\/wp\/v2\/posts\/17276","targetHints":{"allow":["GET"]}}],"collection":[{"href":"https:\/\/a3noticias.com.mx\/sandbox\/wp-json\/wp\/v2\/posts"}],"about":[{"href":"https:\/\/a3noticias.com.mx\/sandbox\/wp-json\/wp\/v2\/types\/post"}],"author":[{"embeddable":true,"href":"https:\/\/a3noticias.com.mx\/sandbox\/wp-json\/wp\/v2\/users\/4"}],"replies":[{"embeddable":true,"href":"https:\/\/a3noticias.com.mx\/sandbox\/wp-json\/wp\/v2\/comments?post=17276"}],"version-history":[{"count":1,"href":"https:\/\/a3noticias.com.mx\/sandbox\/wp-json\/wp\/v2\/posts\/17276\/revisions"}],"predecessor-version":[{"id":17278,"href":"https:\/\/a3noticias.com.mx\/sandbox\/wp-json\/wp\/v2\/posts\/17276\/revisions\/17278"}],"wp:featuredmedia":[{"embeddable":true,"href":"https:\/\/a3noticias.com.mx\/sandbox\/wp-json\/wp\/v2\/media\/17277"}],"wp:attachment":[{"href":"https:\/\/a3noticias.com.mx\/sandbox\/wp-json\/wp\/v2\/media?parent=17276"}],"wp:term":[{"taxonomy":"category","embeddable":true,"href":"https:\/\/a3noticias.com.mx\/sandbox\/wp-json\/wp\/v2\/categories?post=17276"},{"taxonomy":"post_tag","embeddable":true,"href":"https:\/\/a3noticias.com.mx\/sandbox\/wp-json\/wp\/v2\/tags?post=17276"}],"curies":[{"name":"wp","href":"https:\/\/api.w.org\/{rel}","templated":true}]}}