{"id":17279,"date":"2021-11-30T15:11:34","date_gmt":"2021-11-30T21:11:34","guid":{"rendered":"https:\/\/a3noticias.com.mx\/sandbox\/?p=17279"},"modified":"2021-11-30T15:11:35","modified_gmt":"2021-11-30T21:11:35","slug":"aiq-se-mantiene-atento-a-medidas-que-tomen-autoridades-federales-por-variante-omicron","status":"publish","type":"post","link":"https:\/\/a3noticias.com.mx\/sandbox\/2021\/11\/30\/aiq-se-mantiene-atento-a-medidas-que-tomen-autoridades-federales-por-variante-omicron\/","title":{"rendered":"AIQ se mantiene atento a medidas que tomen autoridades federales por variante \u00d3micron."},"content":{"rendered":"\n<p>De acuerdo con el Secretario de Desarrollo Sustentable, Marco Antonio del Prete Tercero, el Aeropuerto Intercontinental de Quer\u00e9taro (AIQ) se mantiene atento a definiciones que asuman autoridades federales por el surgimiento de la variante de Covid-19, \u00d3micron.&nbsp;<\/p>\n\n\n\n<p>El funcionario se\u00f1al\u00f3 que depender\u00e1 de la Secretar\u00eda de Salud Federal la restricci\u00f3n en vuelos o la implementaci\u00f3n de m\u00e1s medidas sanitarias, sin embargo, afirm\u00f3 que se mantienen los protocolos sanitarios en el aeropuerto, para evitar un riesgo de contagios.&nbsp;<\/p>\n\n\n\n<p>Record\u00f3 que cuando han surgido nuevas variantes durante la pandemia, se han visto afectadas algunas aerol\u00edneas, debido a restricciones que se implementan en algunos pa\u00edses.<\/p>\n\n\n\n<p>Respecto a la recuperaci\u00f3n de pasajeros, dijo que se avanza de manera paulatina y sostenida, asimismo dio a conocer que se espera que el a\u00f1o cierre con 900 mil pasajeros, cifra que a octubre de este a\u00f1o se encuentra en 700 mil viajeros.<\/p>\n\n\n\n<blockquote class=\"wp-block-quote is-layout-flow wp-block-quote-is-layout-flow\"><p>\u201cEn cuanto a pasajeros paulatinamente se han estado abriendo rutas y frecuencias, al mes de octubre llevamos cerca de 700 mil pasajeros, yo estimo que estar\u00edamos cerrando el a\u00f1o a lo mejor en cerca de 900 mil pasajeros\u201d.<\/p><\/blockquote>\n","protected":false},"excerpt":{"rendered":"<p>De acuerdo con el Secretario de Desarrollo Sustentable, Marco Antonio del Prete Tercero, el Aeropuerto Intercontinental de Quer\u00e9taro (AIQ) se mantiene atento a definiciones que asuman autoridades federales por el &hellip; <a href=\"https:\/\/a3noticias.com.mx\/sandbox\/2021\/11\/30\/aiq-se-mantiene-atento-a-medidas-que-tomen-autoridades-federales-por-variante-omicron\/\" class=\"more-link\">Leer m\u00e1s<\/a><\/p>\n","protected":false},"author":2,"featured_media":17280,"comment_status":"open","ping_status":"open","sticky":false,"template":"","format":"standard","meta":{"_monsterinsights_skip_tracking":false,"_monsterinsights_sitenote_active":false,"_monsterinsights_sitenote_note":"","_monsterinsights_sitenote_category":0,"footnotes":""},"categories":[2],"tags":[],"class_list":["post-17279","post","type-post","status-publish","format-standard","has-post-thumbnail","hentry","category-qro","entry"],"aioseo_notices":[],"_links":{"self":[{"href":"https:\/\/a3noticias.com.mx\/sandbox\/wp-json\/wp\/v2\/posts\/17279","targetHints":{"allow":["GET"]}}],"collection":[{"href":"https:\/\/a3noticias.com.mx\/sandbox\/wp-json\/wp\/v2\/posts"}],"about":[{"href":"https:\/\/a3noticias.com.mx\/sandbox\/wp-json\/wp\/v2\/types\/post"}],"author":[{"embeddable":true,"href":"https:\/\/a3noticias.com.mx\/sandbox\/wp-json\/wp\/v2\/users\/2"}],"replies":[{"embeddable":true,"href":"https:\/\/a3noticias.com.mx\/sandbox\/wp-json\/wp\/v2\/comments?post=17279"}],"version-history":[{"count":1,"href":"https:\/\/a3noticias.com.mx\/sandbox\/wp-json\/wp\/v2\/posts\/17279\/revisions"}],"predecessor-version":[{"id":17281,"href":"https:\/\/a3noticias.com.mx\/sandbox\/wp-json\/wp\/v2\/posts\/17279\/revisions\/17281"}],"wp:featuredmedia":[{"embeddable":true,"href":"https:\/\/a3noticias.com.mx\/sandbox\/wp-json\/wp\/v2\/media\/17280"}],"wp:attachment":[{"href":"https:\/\/a3noticias.com.mx\/sandbox\/wp-json\/wp\/v2\/media?parent=17279"}],"wp:term":[{"taxonomy":"category","embeddable":true,"href":"https:\/\/a3noticias.com.mx\/sandbox\/wp-json\/wp\/v2\/categories?post=17279"},{"taxonomy":"post_tag","embeddable":true,"href":"https:\/\/a3noticias.com.mx\/sandbox\/wp-json\/wp\/v2\/tags?post=17279"}],"curies":[{"name":"wp","href":"https:\/\/api.w.org\/{rel}","templated":true}]}}