{"id":17291,"date":"2021-12-01T10:13:48","date_gmt":"2021-12-01T16:13:48","guid":{"rendered":"https:\/\/a3noticias.com.mx\/sandbox\/?p=17291"},"modified":"2021-12-01T10:13:53","modified_gmt":"2021-12-01T16:13:53","slug":"secretaria-de-gobierno-afirma-que-caravana-migrante-ya-paso-por-queretaro","status":"publish","type":"post","link":"https:\/\/a3noticias.com.mx\/sandbox\/2021\/12\/01\/secretaria-de-gobierno-afirma-que-caravana-migrante-ya-paso-por-queretaro\/","title":{"rendered":"Secretaria de Gobierno afirma que caravana migrante ya pas\u00f3 por Quer\u00e9taro."},"content":{"rendered":"\n<p>Guadalupe Murg\u00eda, secretaria de Gobierno, afirm\u00f3 que un grupo de migrantes centroamericano, enviados por el Instituto Nacional de Migraci\u00f3n (INM), pas\u00f3 por Quer\u00e9taro el fin de semana.<\/p>\n\n\n\n<p>Se\u00f1al\u00f3 que Gobierno estatal tiene conocimiento de la llegada de un grupo de migrantes provenientes de Hait\u00ed, Nicaragua, Guatemala, Venezuela y otros pa\u00edses de Centroam\u00e9rica.<\/p>\n\n\n\n<blockquote class=\"wp-block-quote is-layout-flow wp-block-quote-is-layout-flow\"><p>\u201cLo que sucedi\u00f3 fue que estuvieron en un albergue que tiene el Instituto Nacional de Migraci\u00f3n en el Ejido Modelo, ah\u00ed los atendi\u00f3 migraci\u00f3n y algunos grupos de la sociedad civil que simpatizan con las causas de los migrantes\u201d.<\/p><\/blockquote>\n\n\n\n<p>La secretaria resalt\u00f3 que los migrantes \u00fanicamente estuvieron de paso por Quer\u00e9taro s\u00f3lo por un d\u00eda, y que por esa raz\u00f3n ya no se encuentran en la entidad en este momento, asimismo, dijo que se desconoce si llegar\u00e1n m\u00e1s migrantes al estado, pues a\u00fan no hay comunicaci\u00f3n con las autoridades federales, pese a que ya se comenz\u00f3 a distribuir a los migrantes centroamericanos en diversos estados.&nbsp;<\/p>\n\n\n\n<p>En este sentido, Guadalupe Mugu\u00eda aclar\u00f3 que la posibilidad de que los migrantes se refugien en Quer\u00e9taro, aclar\u00f3 que no es de tu inter\u00e9s, pues su proyecto es irse a la frontera<\/p>\n\n\n\n<blockquote class=\"wp-block-quote is-layout-flow wp-block-quote-is-layout-flow\"><p>\u201cEllos tienen su proyecto de irse a la frontera, de pasarse al otro lado, as\u00ed es como se ha venido dando\u201d.\u00a0<\/p><\/blockquote>\n","protected":false},"excerpt":{"rendered":"<p>Guadalupe Murg\u00eda, secretaria de Gobierno, afirm\u00f3 que un grupo de migrantes centroamericano, enviados por el Instituto Nacional de Migraci\u00f3n (INM), pas\u00f3 por Quer\u00e9taro el fin de semana. Se\u00f1al\u00f3 que Gobierno &hellip; <a href=\"https:\/\/a3noticias.com.mx\/sandbox\/2021\/12\/01\/secretaria-de-gobierno-afirma-que-caravana-migrante-ya-paso-por-queretaro\/\" class=\"more-link\">Leer m\u00e1s<\/a><\/p>\n","protected":false},"author":2,"featured_media":17292,"comment_status":"open","ping_status":"open","sticky":false,"template":"","format":"standard","meta":{"_monsterinsights_skip_tracking":false,"_monsterinsights_sitenote_active":false,"_monsterinsights_sitenote_note":"","_monsterinsights_sitenote_category":0,"footnotes":""},"categories":[2],"tags":[],"class_list":["post-17291","post","type-post","status-publish","format-standard","has-post-thumbnail","hentry","category-qro","entry"],"aioseo_notices":[],"_links":{"self":[{"href":"https:\/\/a3noticias.com.mx\/sandbox\/wp-json\/wp\/v2\/posts\/17291","targetHints":{"allow":["GET"]}}],"collection":[{"href":"https:\/\/a3noticias.com.mx\/sandbox\/wp-json\/wp\/v2\/posts"}],"about":[{"href":"https:\/\/a3noticias.com.mx\/sandbox\/wp-json\/wp\/v2\/types\/post"}],"author":[{"embeddable":true,"href":"https:\/\/a3noticias.com.mx\/sandbox\/wp-json\/wp\/v2\/users\/2"}],"replies":[{"embeddable":true,"href":"https:\/\/a3noticias.com.mx\/sandbox\/wp-json\/wp\/v2\/comments?post=17291"}],"version-history":[{"count":1,"href":"https:\/\/a3noticias.com.mx\/sandbox\/wp-json\/wp\/v2\/posts\/17291\/revisions"}],"predecessor-version":[{"id":17293,"href":"https:\/\/a3noticias.com.mx\/sandbox\/wp-json\/wp\/v2\/posts\/17291\/revisions\/17293"}],"wp:featuredmedia":[{"embeddable":true,"href":"https:\/\/a3noticias.com.mx\/sandbox\/wp-json\/wp\/v2\/media\/17292"}],"wp:attachment":[{"href":"https:\/\/a3noticias.com.mx\/sandbox\/wp-json\/wp\/v2\/media?parent=17291"}],"wp:term":[{"taxonomy":"category","embeddable":true,"href":"https:\/\/a3noticias.com.mx\/sandbox\/wp-json\/wp\/v2\/categories?post=17291"},{"taxonomy":"post_tag","embeddable":true,"href":"https:\/\/a3noticias.com.mx\/sandbox\/wp-json\/wp\/v2\/tags?post=17291"}],"curies":[{"name":"wp","href":"https:\/\/api.w.org\/{rel}","templated":true}]}}