{"id":17294,"date":"2021-12-01T10:41:40","date_gmt":"2021-12-01T16:41:40","guid":{"rendered":"https:\/\/a3noticias.com.mx\/sandbox\/?p=17294"},"modified":"2021-12-01T10:41:42","modified_gmt":"2021-12-01T16:41:42","slug":"se-logra-acuerdo-para-instalacion-del-tradicional-tianguis-navideno-en-mercado-de-la-cruz","status":"publish","type":"post","link":"https:\/\/a3noticias.com.mx\/sandbox\/2021\/12\/01\/se-logra-acuerdo-para-instalacion-del-tradicional-tianguis-navideno-en-mercado-de-la-cruz\/","title":{"rendered":"Se logra acuerdo para instalaci\u00f3n del tradicional Tianguis Navide\u00f1o en Mercado de la Cruz."},"content":{"rendered":"\n<p>Luego de que varios locatarios del Mercado de la Cruz se mostraran inconformes porque el Tianguis Navide\u00f1o utilizara el \u00e1rea del estacionamiento, personal de Servicios P\u00fablicos Municipales y de Secretaria de Gobierno intervinieron para impulsar un acuerdo entre las partes para mantener esta tradici\u00f3n, con las m\u00ednimas afectaciones para el resto de los comerciantes de la zona.<\/p>\n\n\n\n<p>El principal acuerdo que se estableci\u00f3, fue que los comerciantes que integran el tianguis navide\u00f1o rentaran un estacionamiento con el n\u00famero de cajones que se pierden en el Mercado, debido a su instalaci\u00f3n, para as\u00ed dar servicio a clientes y locatarios.&nbsp;<\/p>\n\n\n\n<p>A partir de hoy a las 13:30 es el estacionamiento de la Universidad Marista el que se podr\u00e1 utilizar como parte del acuerdo realizado, en el cual cabe hacer mencionar que tanto locatarios del Mercado de la Cruz, como comerciantes del Tianguis Navide\u00f1o, mostraron disposici\u00f3n con la intenci\u00f3n de seguir avanzando en la reactivaci\u00f3n de sus actividades comerciales y de la econom\u00eda local.<\/p>\n","protected":false},"excerpt":{"rendered":"<p>Luego de que varios locatarios del Mercado de la Cruz se mostraran inconformes porque el Tianguis Navide\u00f1o utilizara el \u00e1rea del estacionamiento, personal de Servicios P\u00fablicos Municipales y de Secretaria &hellip; <a href=\"https:\/\/a3noticias.com.mx\/sandbox\/2021\/12\/01\/se-logra-acuerdo-para-instalacion-del-tradicional-tianguis-navideno-en-mercado-de-la-cruz\/\" class=\"more-link\">Leer m\u00e1s<\/a><\/p>\n","protected":false},"author":2,"featured_media":17297,"comment_status":"open","ping_status":"open","sticky":false,"template":"","format":"standard","meta":{"_monsterinsights_skip_tracking":false,"_monsterinsights_sitenote_active":false,"_monsterinsights_sitenote_note":"","_monsterinsights_sitenote_category":0,"footnotes":""},"categories":[2],"tags":[],"class_list":["post-17294","post","type-post","status-publish","format-standard","has-post-thumbnail","hentry","category-qro","entry"],"aioseo_notices":[],"_links":{"self":[{"href":"https:\/\/a3noticias.com.mx\/sandbox\/wp-json\/wp\/v2\/posts\/17294","targetHints":{"allow":["GET"]}}],"collection":[{"href":"https:\/\/a3noticias.com.mx\/sandbox\/wp-json\/wp\/v2\/posts"}],"about":[{"href":"https:\/\/a3noticias.com.mx\/sandbox\/wp-json\/wp\/v2\/types\/post"}],"author":[{"embeddable":true,"href":"https:\/\/a3noticias.com.mx\/sandbox\/wp-json\/wp\/v2\/users\/2"}],"replies":[{"embeddable":true,"href":"https:\/\/a3noticias.com.mx\/sandbox\/wp-json\/wp\/v2\/comments?post=17294"}],"version-history":[{"count":1,"href":"https:\/\/a3noticias.com.mx\/sandbox\/wp-json\/wp\/v2\/posts\/17294\/revisions"}],"predecessor-version":[{"id":17298,"href":"https:\/\/a3noticias.com.mx\/sandbox\/wp-json\/wp\/v2\/posts\/17294\/revisions\/17298"}],"wp:featuredmedia":[{"embeddable":true,"href":"https:\/\/a3noticias.com.mx\/sandbox\/wp-json\/wp\/v2\/media\/17297"}],"wp:attachment":[{"href":"https:\/\/a3noticias.com.mx\/sandbox\/wp-json\/wp\/v2\/media?parent=17294"}],"wp:term":[{"taxonomy":"category","embeddable":true,"href":"https:\/\/a3noticias.com.mx\/sandbox\/wp-json\/wp\/v2\/categories?post=17294"},{"taxonomy":"post_tag","embeddable":true,"href":"https:\/\/a3noticias.com.mx\/sandbox\/wp-json\/wp\/v2\/tags?post=17294"}],"curies":[{"name":"wp","href":"https:\/\/api.w.org\/{rel}","templated":true}]}}