{"id":17296,"date":"2021-12-01T10:42:16","date_gmt":"2021-12-01T16:42:16","guid":{"rendered":"https:\/\/a3noticias.com.mx\/sandbox\/?p=17296"},"modified":"2021-12-01T10:42:20","modified_gmt":"2021-12-01T16:42:20","slug":"carril-confinado-en-5-de-febrero-es-viable-iqt","status":"publish","type":"post","link":"https:\/\/a3noticias.com.mx\/sandbox\/2021\/12\/01\/carril-confinado-en-5-de-febrero-es-viable-iqt\/","title":{"rendered":"Carril confinado en 5 de febrero es viable: IQT"},"content":{"rendered":"\n<p>Luego de que el proyecto de construcci\u00f3n de un segundo piso sobre avenida 5 de febrero quedara descartado, el Instituto Queretano del Transporte (IQT), calific\u00f3 como positiva la propuesta de creaci\u00f3n de un carril confinado para el Qrobus sobre dicha vialidad.<\/p>\n\n\n\n<p>David S\u00e1nchez Padilla, director del IQT, expres\u00f3 la viabilidad del proyecto, pues refiri\u00f3 que en este punto circulan m\u00e1s del 40 por ciento de las unidades de transporte p\u00fablico Qrobus de la zona metropolitana, adem\u00e1s de que el 50 por ciento de los usuarios ascienden o descienden en diversos puntos de esta avenida.<\/p>\n\n\n\n<p>Por su parte, el secretario de Desarrollo Urbano y Obras P\u00fablicas del estado, Fernando Gonz\u00e1lez Salinas, resalt\u00f3 que el 70 por ciento de la poblaci\u00f3n queretana se traslada en transporte p\u00fablico, adem\u00e1s de que 5 de febrero es una de las vialidades sobre las que m\u00e1s ciclistas circulan diariamente, por lo que es de vital importancia dar prioridad a peatones y ciclistas con infraestuctura adecuada para su movilidad.<\/p>\n\n\n\n<blockquote class=\"wp-block-quote is-layout-flow wp-block-quote-is-layout-flow\"><p>\u201cTenemos registrado el mayor n\u00famero de bicicletas pero sin infraestructura, y por otro lado el sistema de transporte colectivo\u201d, subray\u00f3 S\u00e1nchez Padilla.<\/p><\/blockquote>\n\n\n\n<p>Se\u00f1al\u00f3 que de intervenir la avenida, se deber\u00e1n solicitar permisos a la Secretar\u00eda de Comunicaciones y Transportes (SCT).<\/p>\n\n\n\n<p>Se prev\u00e9 que el proyecto este listo para la tercera semana de diciembre, mientras tanto, mencion\u00f3 que se trabaja en la cristalizaci\u00f3n de las opiniones del foro, con el Colegio de Ingenieros Civiles, Colegio de Arquitectos y la C\u00e1mara Mexicana de la Industria de la Construcci\u00f3n.<\/p>\n","protected":false},"excerpt":{"rendered":"<p>Luego de que el proyecto de construcci\u00f3n de un segundo piso sobre avenida 5 de febrero quedara descartado, el Instituto Queretano del Transporte (IQT), calific\u00f3 como positiva la propuesta de &hellip; <a href=\"https:\/\/a3noticias.com.mx\/sandbox\/2021\/12\/01\/carril-confinado-en-5-de-febrero-es-viable-iqt\/\" class=\"more-link\">Leer m\u00e1s<\/a><\/p>\n","protected":false},"author":4,"featured_media":17299,"comment_status":"open","ping_status":"open","sticky":false,"template":"","format":"standard","meta":{"_monsterinsights_skip_tracking":false,"_monsterinsights_sitenote_active":false,"_monsterinsights_sitenote_note":"","_monsterinsights_sitenote_category":0,"footnotes":""},"categories":[2],"tags":[],"class_list":["post-17296","post","type-post","status-publish","format-standard","has-post-thumbnail","hentry","category-qro","entry"],"aioseo_notices":[],"_links":{"self":[{"href":"https:\/\/a3noticias.com.mx\/sandbox\/wp-json\/wp\/v2\/posts\/17296","targetHints":{"allow":["GET"]}}],"collection":[{"href":"https:\/\/a3noticias.com.mx\/sandbox\/wp-json\/wp\/v2\/posts"}],"about":[{"href":"https:\/\/a3noticias.com.mx\/sandbox\/wp-json\/wp\/v2\/types\/post"}],"author":[{"embeddable":true,"href":"https:\/\/a3noticias.com.mx\/sandbox\/wp-json\/wp\/v2\/users\/4"}],"replies":[{"embeddable":true,"href":"https:\/\/a3noticias.com.mx\/sandbox\/wp-json\/wp\/v2\/comments?post=17296"}],"version-history":[{"count":1,"href":"https:\/\/a3noticias.com.mx\/sandbox\/wp-json\/wp\/v2\/posts\/17296\/revisions"}],"predecessor-version":[{"id":17300,"href":"https:\/\/a3noticias.com.mx\/sandbox\/wp-json\/wp\/v2\/posts\/17296\/revisions\/17300"}],"wp:featuredmedia":[{"embeddable":true,"href":"https:\/\/a3noticias.com.mx\/sandbox\/wp-json\/wp\/v2\/media\/17299"}],"wp:attachment":[{"href":"https:\/\/a3noticias.com.mx\/sandbox\/wp-json\/wp\/v2\/media?parent=17296"}],"wp:term":[{"taxonomy":"category","embeddable":true,"href":"https:\/\/a3noticias.com.mx\/sandbox\/wp-json\/wp\/v2\/categories?post=17296"},{"taxonomy":"post_tag","embeddable":true,"href":"https:\/\/a3noticias.com.mx\/sandbox\/wp-json\/wp\/v2\/tags?post=17296"}],"curies":[{"name":"wp","href":"https:\/\/api.w.org\/{rel}","templated":true}]}}