{"id":17301,"date":"2021-12-01T13:10:12","date_gmt":"2021-12-01T19:10:12","guid":{"rendered":"https:\/\/a3noticias.com.mx\/sandbox\/?p=17301"},"modified":"2021-12-01T13:10:16","modified_gmt":"2021-12-01T19:10:16","slug":"mauricio-kuri-senala-que-revocacion-de-mandato-generaria-incertidumbre","status":"publish","type":"post","link":"https:\/\/a3noticias.com.mx\/sandbox\/2021\/12\/01\/mauricio-kuri-senala-que-revocacion-de-mandato-generaria-incertidumbre\/","title":{"rendered":"Mauricio Kuri se\u00f1ala que revocaci\u00f3n de mandato generar\u00eda incertidumbre."},"content":{"rendered":"\n<p>El gobernador del estado, Mauricio Kuri Gonz\u00e1lez, se dijo en contra de la revocaci\u00f3n de mandato, propuesta por el presidente Andr\u00e9s Manuel L\u00f3pez Obrador, pues se\u00f1ala que generar\u00eda incertidumbre en la poblaci\u00f3n, ya que se pondr\u00eda en riesgo la continuidad del presidente en turno.<\/p>\n\n\n\n<blockquote class=\"wp-block-quote is-layout-flow wp-block-quote-is-layout-flow\"><p>\u201cEs un tema que pas\u00f3 en la Constituci\u00f3n, se tiene que llevar a cabo, sin embargo yo creo que es muy complicado en el pa\u00eds en un momento muy radical\u201d\u00a0<\/p><\/blockquote>\n\n\n\n<p>El mandatario estatal record\u00f3 que cuando \u00e9l era senador de la Rep\u00fablica vot\u00f3 en contra de la propuesta del presidente, Andr\u00e9s Manuel L\u00f3pez Obrador.&nbsp;<\/p>\n\n\n\n<blockquote class=\"wp-block-quote is-layout-flow wp-block-quote-is-layout-flow\"><p>\u201cEso da incertidumbre, por eso yo inclusive la vot\u00e9 en contra. Pero bueno, ya es un derecho de los ciudadanos si ratifican o no ratifican\u201d.\u00a0<\/p><\/blockquote>\n","protected":false},"excerpt":{"rendered":"<p>El gobernador del estado, Mauricio Kuri Gonz\u00e1lez, se dijo en contra de la revocaci\u00f3n de mandato, propuesta por el presidente Andr\u00e9s Manuel L\u00f3pez Obrador, pues se\u00f1ala que generar\u00eda incertidumbre en &hellip; <a href=\"https:\/\/a3noticias.com.mx\/sandbox\/2021\/12\/01\/mauricio-kuri-senala-que-revocacion-de-mandato-generaria-incertidumbre\/\" class=\"more-link\">Leer m\u00e1s<\/a><\/p>\n","protected":false},"author":2,"featured_media":17305,"comment_status":"open","ping_status":"open","sticky":false,"template":"","format":"standard","meta":{"_monsterinsights_skip_tracking":false,"_monsterinsights_sitenote_active":false,"_monsterinsights_sitenote_note":"","_monsterinsights_sitenote_category":0,"footnotes":""},"categories":[2],"tags":[],"class_list":["post-17301","post","type-post","status-publish","format-standard","has-post-thumbnail","hentry","category-qro","entry"],"aioseo_notices":[],"_links":{"self":[{"href":"https:\/\/a3noticias.com.mx\/sandbox\/wp-json\/wp\/v2\/posts\/17301","targetHints":{"allow":["GET"]}}],"collection":[{"href":"https:\/\/a3noticias.com.mx\/sandbox\/wp-json\/wp\/v2\/posts"}],"about":[{"href":"https:\/\/a3noticias.com.mx\/sandbox\/wp-json\/wp\/v2\/types\/post"}],"author":[{"embeddable":true,"href":"https:\/\/a3noticias.com.mx\/sandbox\/wp-json\/wp\/v2\/users\/2"}],"replies":[{"embeddable":true,"href":"https:\/\/a3noticias.com.mx\/sandbox\/wp-json\/wp\/v2\/comments?post=17301"}],"version-history":[{"count":1,"href":"https:\/\/a3noticias.com.mx\/sandbox\/wp-json\/wp\/v2\/posts\/17301\/revisions"}],"predecessor-version":[{"id":17306,"href":"https:\/\/a3noticias.com.mx\/sandbox\/wp-json\/wp\/v2\/posts\/17301\/revisions\/17306"}],"wp:featuredmedia":[{"embeddable":true,"href":"https:\/\/a3noticias.com.mx\/sandbox\/wp-json\/wp\/v2\/media\/17305"}],"wp:attachment":[{"href":"https:\/\/a3noticias.com.mx\/sandbox\/wp-json\/wp\/v2\/media?parent=17301"}],"wp:term":[{"taxonomy":"category","embeddable":true,"href":"https:\/\/a3noticias.com.mx\/sandbox\/wp-json\/wp\/v2\/categories?post=17301"},{"taxonomy":"post_tag","embeddable":true,"href":"https:\/\/a3noticias.com.mx\/sandbox\/wp-json\/wp\/v2\/tags?post=17301"}],"curies":[{"name":"wp","href":"https:\/\/api.w.org\/{rel}","templated":true}]}}