{"id":17319,"date":"2021-12-02T09:56:20","date_gmt":"2021-12-02T15:56:20","guid":{"rendered":"https:\/\/a3noticias.com.mx\/sandbox\/?p=17319"},"modified":"2021-12-02T09:56:22","modified_gmt":"2021-12-02T15:56:22","slug":"aumento-al-salario-minimo-beneficiara-a-6-3-millones-de-empleados","status":"publish","type":"post","link":"https:\/\/a3noticias.com.mx\/sandbox\/2021\/12\/02\/aumento-al-salario-minimo-beneficiara-a-6-3-millones-de-empleados\/","title":{"rendered":"Aumento al salario m\u00ednimo beneficiar\u00e1 a 6.3 millones de empleados."},"content":{"rendered":"\n<p>El presidente, Andr\u00e9s Manuel L\u00f3pez Obrador, celebr\u00f3 que para el 2022 habr\u00e1 un aumento del 22 por ciento en el salario m\u00ednimo tanto en la zona libre de la frontera, como en el resto del pa\u00eds.&nbsp;<\/p>\n\n\n\n<p>El mandatario federal se\u00f1al\u00f3 que en esta ocasi\u00f3n se volvi\u00f3 a tener consenso entre los sectores empresarial, obrero y el gobierno; y&nbsp; apunt\u00f3 que el beneficio se ver\u00e1 reflejado desde el 1 de enero del pr\u00f3ximo a\u00f1o.&nbsp;<\/p>\n\n\n\n<blockquote class=\"wp-block-quote is-layout-flow wp-block-quote-is-layout-flow\"><p>\u201cInformar sobre el acuerdo que se tom\u00f3 ayer de manera un\u00e1nime entre el sector empresarial, obrero y el gobierno para el aumento en el salario m\u00ednimo, es muy importante destacar que se volvi\u00f3 a un consenso, se volvi\u00f3 a un acuerdo de las tres partes\u201d.<\/p><\/blockquote>\n\n\n\n<p>Por su parte, La titular de la Secretar\u00eda del Trabajo y Previsi\u00f3n Social, Luisa Mar\u00eda Alcalde Luj\u00e1n, inform\u00f3 que el aumento de 141 a 172 pesos diarios beneficiar\u00e1 a 6.3 millones de trabajadores en todo el pa\u00eds, ya que aumentar\u00e1 su poder adquisitivo.<\/p>\n\n\n\n<blockquote class=\"wp-block-quote is-layout-flow wp-block-quote-is-layout-flow\"><p>\u00a0\u201cIncremento directo a 6.3 millones que ganan salario m\u00ednimo, por supuesto, a millones de familias adicionales, porque al incrementar ingresos se puede comprar m\u00e1s, se fortalece el poder de compra en negocios, servicios, eso ayuda a fortalecer la econom\u00eda local. Esos 6.3 millones representan el 30 por ciento de trabajadores inscritos en el IMSS\u201d<\/p><\/blockquote>\n","protected":false},"excerpt":{"rendered":"<p>El presidente, Andr\u00e9s Manuel L\u00f3pez Obrador, celebr\u00f3 que para el 2022 habr\u00e1 un aumento del 22 por ciento en el salario m\u00ednimo tanto en la zona libre de la frontera, &hellip; <a href=\"https:\/\/a3noticias.com.mx\/sandbox\/2021\/12\/02\/aumento-al-salario-minimo-beneficiara-a-6-3-millones-de-empleados\/\" class=\"more-link\">Leer m\u00e1s<\/a><\/p>\n","protected":false},"author":2,"featured_media":17320,"comment_status":"open","ping_status":"open","sticky":false,"template":"","format":"standard","meta":{"_monsterinsights_skip_tracking":false,"_monsterinsights_sitenote_active":false,"_monsterinsights_sitenote_note":"","_monsterinsights_sitenote_category":0,"footnotes":""},"categories":[3],"tags":[],"class_list":["post-17319","post","type-post","status-publish","format-standard","has-post-thumbnail","hentry","category-nal","entry"],"aioseo_notices":[],"_links":{"self":[{"href":"https:\/\/a3noticias.com.mx\/sandbox\/wp-json\/wp\/v2\/posts\/17319","targetHints":{"allow":["GET"]}}],"collection":[{"href":"https:\/\/a3noticias.com.mx\/sandbox\/wp-json\/wp\/v2\/posts"}],"about":[{"href":"https:\/\/a3noticias.com.mx\/sandbox\/wp-json\/wp\/v2\/types\/post"}],"author":[{"embeddable":true,"href":"https:\/\/a3noticias.com.mx\/sandbox\/wp-json\/wp\/v2\/users\/2"}],"replies":[{"embeddable":true,"href":"https:\/\/a3noticias.com.mx\/sandbox\/wp-json\/wp\/v2\/comments?post=17319"}],"version-history":[{"count":1,"href":"https:\/\/a3noticias.com.mx\/sandbox\/wp-json\/wp\/v2\/posts\/17319\/revisions"}],"predecessor-version":[{"id":17321,"href":"https:\/\/a3noticias.com.mx\/sandbox\/wp-json\/wp\/v2\/posts\/17319\/revisions\/17321"}],"wp:featuredmedia":[{"embeddable":true,"href":"https:\/\/a3noticias.com.mx\/sandbox\/wp-json\/wp\/v2\/media\/17320"}],"wp:attachment":[{"href":"https:\/\/a3noticias.com.mx\/sandbox\/wp-json\/wp\/v2\/media?parent=17319"}],"wp:term":[{"taxonomy":"category","embeddable":true,"href":"https:\/\/a3noticias.com.mx\/sandbox\/wp-json\/wp\/v2\/categories?post=17319"},{"taxonomy":"post_tag","embeddable":true,"href":"https:\/\/a3noticias.com.mx\/sandbox\/wp-json\/wp\/v2\/tags?post=17319"}],"curies":[{"name":"wp","href":"https:\/\/api.w.org\/{rel}","templated":true}]}}