{"id":17322,"date":"2021-12-02T11:10:17","date_gmt":"2021-12-02T17:10:17","guid":{"rendered":"https:\/\/a3noticias.com.mx\/sandbox\/?p=17322"},"modified":"2021-12-02T11:10:19","modified_gmt":"2021-12-02T17:10:19","slug":"caravana-migrante-sera-acompanada-por-gobierno-del-estado","status":"publish","type":"post","link":"https:\/\/a3noticias.com.mx\/sandbox\/2021\/12\/02\/caravana-migrante-sera-acompanada-por-gobierno-del-estado\/","title":{"rendered":"Caravana Migrante ser\u00e1 acompa\u00f1ada por Gobierno del estado."},"content":{"rendered":"\n<p>Guadalupe Murgu\u00eda, secretaria de Gobierno del estado de Quer\u00e9taro, se\u00f1al\u00f3 que Protecci\u00f3n Civil y la Secretar\u00eda de Seguridad Ciudadana acompa\u00f1ar\u00e1n desde la frontera, hasta&nbsp; Quer\u00e9taro a la caravana de migrantes mexicanos que vuelven por las celebraciones decembrinas.&nbsp;<\/p>\n\n\n\n<p>La secretaria coment\u00f3 que desconoce el n\u00famero de personas migrantes, as\u00ed como cu\u00e1l es la fecha exacta de la salida y llegada de la caravana.&nbsp;<\/p>\n\n\n\n<blockquote class=\"wp-block-quote is-layout-flow wp-block-quote-is-layout-flow\"><p>\u201cEl dato que ten\u00eda la semana pasada era que eran alrededor de 500 personas, posiblemente 150 dec\u00edan, de la sierra, esto todav\u00eda no es tan cierto\u201d.<\/p><\/blockquote>\n\n\n\n<p>En este sentido, garantiz\u00f3 que las autoridades brindar\u00e1n el apoyo necesario para garantizar la seguridad de los migrantes queretanos y de quienes pasan por Quer\u00e9taro hacia otros estados.&nbsp;<\/p>\n","protected":false},"excerpt":{"rendered":"<p>Guadalupe Murgu\u00eda, secretaria de Gobierno del estado de Quer\u00e9taro, se\u00f1al\u00f3 que Protecci\u00f3n Civil y la Secretar\u00eda de Seguridad Ciudadana acompa\u00f1ar\u00e1n desde la frontera, hasta&nbsp; Quer\u00e9taro a la caravana de migrantes &hellip; <a href=\"https:\/\/a3noticias.com.mx\/sandbox\/2021\/12\/02\/caravana-migrante-sera-acompanada-por-gobierno-del-estado\/\" class=\"more-link\">Leer m\u00e1s<\/a><\/p>\n","protected":false},"author":2,"featured_media":17323,"comment_status":"open","ping_status":"open","sticky":false,"template":"","format":"standard","meta":{"_monsterinsights_skip_tracking":false,"_monsterinsights_sitenote_active":false,"_monsterinsights_sitenote_note":"","_monsterinsights_sitenote_category":0,"footnotes":""},"categories":[2],"tags":[],"class_list":["post-17322","post","type-post","status-publish","format-standard","has-post-thumbnail","hentry","category-qro","entry"],"aioseo_notices":[],"_links":{"self":[{"href":"https:\/\/a3noticias.com.mx\/sandbox\/wp-json\/wp\/v2\/posts\/17322","targetHints":{"allow":["GET"]}}],"collection":[{"href":"https:\/\/a3noticias.com.mx\/sandbox\/wp-json\/wp\/v2\/posts"}],"about":[{"href":"https:\/\/a3noticias.com.mx\/sandbox\/wp-json\/wp\/v2\/types\/post"}],"author":[{"embeddable":true,"href":"https:\/\/a3noticias.com.mx\/sandbox\/wp-json\/wp\/v2\/users\/2"}],"replies":[{"embeddable":true,"href":"https:\/\/a3noticias.com.mx\/sandbox\/wp-json\/wp\/v2\/comments?post=17322"}],"version-history":[{"count":1,"href":"https:\/\/a3noticias.com.mx\/sandbox\/wp-json\/wp\/v2\/posts\/17322\/revisions"}],"predecessor-version":[{"id":17324,"href":"https:\/\/a3noticias.com.mx\/sandbox\/wp-json\/wp\/v2\/posts\/17322\/revisions\/17324"}],"wp:featuredmedia":[{"embeddable":true,"href":"https:\/\/a3noticias.com.mx\/sandbox\/wp-json\/wp\/v2\/media\/17323"}],"wp:attachment":[{"href":"https:\/\/a3noticias.com.mx\/sandbox\/wp-json\/wp\/v2\/media?parent=17322"}],"wp:term":[{"taxonomy":"category","embeddable":true,"href":"https:\/\/a3noticias.com.mx\/sandbox\/wp-json\/wp\/v2\/categories?post=17322"},{"taxonomy":"post_tag","embeddable":true,"href":"https:\/\/a3noticias.com.mx\/sandbox\/wp-json\/wp\/v2\/tags?post=17322"}],"curies":[{"name":"wp","href":"https:\/\/api.w.org\/{rel}","templated":true}]}}