{"id":17325,"date":"2021-12-02T11:56:58","date_gmt":"2021-12-02T17:56:58","guid":{"rendered":"https:\/\/a3noticias.com.mx\/sandbox\/?p=17325"},"modified":"2021-12-02T11:57:00","modified_gmt":"2021-12-02T17:57:00","slug":"iqt-afirma-que-no-existe-solicitud-de-concesionarios-para-incrementar-tarifa-de-transporte-publico","status":"publish","type":"post","link":"https:\/\/a3noticias.com.mx\/sandbox\/2021\/12\/02\/iqt-afirma-que-no-existe-solicitud-de-concesionarios-para-incrementar-tarifa-de-transporte-publico\/","title":{"rendered":"IQT afirma que no existe solicitud de concesionarios para incrementar tarifa de transporte p\u00fablico."},"content":{"rendered":"\n<p>David S\u00e1nchez Padilla, director del Instituto Queretano del Transporte (IQT), afirm\u00f3 que no hay ninguna solicitud de los concesionarios de Qrob\u00fas para incrementar el precio de la tarifa.<\/p>\n\n\n\n<blockquote class=\"wp-block-quote is-layout-flow wp-block-quote-is-layout-flow\"><p>\u201cDe momento no se contempla alg\u00fan alza en la tarifa, no tengo ninguna solicitud respecto a alg\u00fan incremento en la tarifa del transporte p\u00fablico\u201d.\u00a0<\/p><\/blockquote>\n\n\n\n<p>Sin embargo, acept\u00f3 que s\u00ed ha habido afectaciones debido a la pandemia por Covid-19, pues el n\u00famero de usuarios ha disminuido de manera considerable.<\/p>\n\n\n\n<blockquote class=\"wp-block-quote is-layout-flow wp-block-quote-is-layout-flow\"><p>\u201cNos vemos afectados por las condiciones de la pandemia. Esta pandemia ha dejado un aforo en el transporte p\u00fablico de alrededor de los 240 mil usuarios, eso es pr\u00e1cticamente la mitad de lo que ven\u00eda trayendo el sistema\u201d.\u00a0<\/p><\/blockquote>\n\n\n\n<p>Pese a esta situaci\u00f3n, el director reiter\u00f3 que no existe alguna solicitud de incremento al pasaje, y resalt\u00f3 que la estrategia es optimizar los recursos actuales.&nbsp;<\/p>\n","protected":false},"excerpt":{"rendered":"<p>David S\u00e1nchez Padilla, director del Instituto Queretano del Transporte (IQT), afirm\u00f3 que no hay ninguna solicitud de los concesionarios de Qrob\u00fas para incrementar el precio de la tarifa. \u201cDe momento &hellip; <a href=\"https:\/\/a3noticias.com.mx\/sandbox\/2021\/12\/02\/iqt-afirma-que-no-existe-solicitud-de-concesionarios-para-incrementar-tarifa-de-transporte-publico\/\" class=\"more-link\">Leer m\u00e1s<\/a><\/p>\n","protected":false},"author":2,"featured_media":17326,"comment_status":"open","ping_status":"open","sticky":false,"template":"","format":"standard","meta":{"_monsterinsights_skip_tracking":false,"_monsterinsights_sitenote_active":false,"_monsterinsights_sitenote_note":"","_monsterinsights_sitenote_category":0,"footnotes":""},"categories":[2],"tags":[],"class_list":["post-17325","post","type-post","status-publish","format-standard","has-post-thumbnail","hentry","category-qro","entry"],"aioseo_notices":[],"_links":{"self":[{"href":"https:\/\/a3noticias.com.mx\/sandbox\/wp-json\/wp\/v2\/posts\/17325","targetHints":{"allow":["GET"]}}],"collection":[{"href":"https:\/\/a3noticias.com.mx\/sandbox\/wp-json\/wp\/v2\/posts"}],"about":[{"href":"https:\/\/a3noticias.com.mx\/sandbox\/wp-json\/wp\/v2\/types\/post"}],"author":[{"embeddable":true,"href":"https:\/\/a3noticias.com.mx\/sandbox\/wp-json\/wp\/v2\/users\/2"}],"replies":[{"embeddable":true,"href":"https:\/\/a3noticias.com.mx\/sandbox\/wp-json\/wp\/v2\/comments?post=17325"}],"version-history":[{"count":1,"href":"https:\/\/a3noticias.com.mx\/sandbox\/wp-json\/wp\/v2\/posts\/17325\/revisions"}],"predecessor-version":[{"id":17327,"href":"https:\/\/a3noticias.com.mx\/sandbox\/wp-json\/wp\/v2\/posts\/17325\/revisions\/17327"}],"wp:featuredmedia":[{"embeddable":true,"href":"https:\/\/a3noticias.com.mx\/sandbox\/wp-json\/wp\/v2\/media\/17326"}],"wp:attachment":[{"href":"https:\/\/a3noticias.com.mx\/sandbox\/wp-json\/wp\/v2\/media?parent=17325"}],"wp:term":[{"taxonomy":"category","embeddable":true,"href":"https:\/\/a3noticias.com.mx\/sandbox\/wp-json\/wp\/v2\/categories?post=17325"},{"taxonomy":"post_tag","embeddable":true,"href":"https:\/\/a3noticias.com.mx\/sandbox\/wp-json\/wp\/v2\/tags?post=17325"}],"curies":[{"name":"wp","href":"https:\/\/api.w.org\/{rel}","templated":true}]}}