{"id":17328,"date":"2021-12-02T13:28:56","date_gmt":"2021-12-02T19:28:56","guid":{"rendered":"https:\/\/a3noticias.com.mx\/sandbox\/?p=17328"},"modified":"2021-12-02T13:28:59","modified_gmt":"2021-12-02T19:28:59","slug":"sierra-gorda-de-queretaro-comienza-festejos-navidenos","status":"publish","type":"post","link":"https:\/\/a3noticias.com.mx\/sandbox\/2021\/12\/02\/sierra-gorda-de-queretaro-comienza-festejos-navidenos\/","title":{"rendered":"Sierra Gorda de Quer\u00e9taro comienza festejos navide\u00f1os"},"content":{"rendered":"\n<p>En un ambiente de jubilo post-pandemia los municipios de Jalpan de Serra y Landa de Matamoros, llevaron a cabo el tradicional encendido del \u00e1rbol navide\u00f1o y con \u00e9l se inaugur\u00f3 de manera oficial el inicio de las festividades navide\u00f1as.<\/p>\n\n\n\n<p>En el municipio de Jalpan de Serra autoridades municipales encabezaron el evento en donde adem\u00e1s del encendido del \u00e1rbol, se llev\u00f3 a cabo un desfile navide\u00f1o con coloridos carros aleg\u00f3ricos que alegraron la vista de los asistentes.<\/p>\n\n\n\n<figure class=\"wp-block-image size-large is-resized\"><img loading=\"lazy\" decoding=\"async\" src=\"https:\/\/a3noticias.com.mx\/sandbox\/wp-content\/uploads\/2021\/12\/261978119_2837122893246286_6282522079522563884_n-135x90.jpeg\" alt=\"\" class=\"wp-image-17332\" width=\"596\" height=\"397\" srcset=\"https:\/\/a3noticias.com.mx\/sandbox\/wp-content\/uploads\/2021\/12\/261978119_2837122893246286_6282522079522563884_n-135x90.jpeg 135w, https:\/\/a3noticias.com.mx\/sandbox\/wp-content\/uploads\/2021\/12\/261978119_2837122893246286_6282522079522563884_n-300x200.jpeg 300w, https:\/\/a3noticias.com.mx\/sandbox\/wp-content\/uploads\/2021\/12\/261978119_2837122893246286_6282522079522563884_n-768x512.jpeg 768w, https:\/\/a3noticias.com.mx\/sandbox\/wp-content\/uploads\/2021\/12\/261978119_2837122893246286_6282522079522563884_n.jpeg 1280w\" sizes=\"auto, (max-width: 596px) 100vw, 596px\" \/><\/figure>\n\n\n\n<p>El Presidente Municipal de Jalpan, Efra\u00edn Mu\u00f1oz Cosme, emiti\u00f3 un emotivo mensaje sobre los verdaderos motivos de la navidad.<\/p>\n\n\n\n<blockquote class=\"wp-block-quote is-layout-flow wp-block-quote-is-layout-flow\"><p>\u201cEl encendido del \u00e1rbol es un acto simb\u00f3lico que convoca a un pueblo a la unidad, siendo \u00e9ste un momento de reflexi\u00f3n para que la luz nos guie a ser mejores personas; as\u00ed como a fortalecer nuestros valores y lazos familiares\u201d, apunt\u00f3.<\/p><\/blockquote>\n\n\n\n<p>Asimismo, invit\u00f3 a la poblaci\u00f3n a festejar las fechas decembrinas con los cuidados pertinentes, a fin de evitar un repunte en los casos activos de Covid-19.<\/p>\n\n\n\n<figure class=\"wp-block-image size-large is-resized\"><img loading=\"lazy\" decoding=\"async\" src=\"https:\/\/a3noticias.com.mx\/sandbox\/wp-content\/uploads\/2021\/12\/263293942_2837030699922172_2367317907614904116_n-135x90.jpeg\" alt=\"\" class=\"wp-image-17331\" width=\"592\" height=\"395\" srcset=\"https:\/\/a3noticias.com.mx\/sandbox\/wp-content\/uploads\/2021\/12\/263293942_2837030699922172_2367317907614904116_n-135x90.jpeg 135w, https:\/\/a3noticias.com.mx\/sandbox\/wp-content\/uploads\/2021\/12\/263293942_2837030699922172_2367317907614904116_n-300x200.jpeg 300w, https:\/\/a3noticias.com.mx\/sandbox\/wp-content\/uploads\/2021\/12\/263293942_2837030699922172_2367317907614904116_n-768x512.jpeg 768w, https:\/\/a3noticias.com.mx\/sandbox\/wp-content\/uploads\/2021\/12\/263293942_2837030699922172_2367317907614904116_n-1536x1024.jpeg 1536w, https:\/\/a3noticias.com.mx\/sandbox\/wp-content\/uploads\/2021\/12\/263293942_2837030699922172_2367317907614904116_n.jpeg 2048w\" sizes=\"auto, (max-width: 592px) 100vw, 592px\" \/><\/figure>\n\n\n\n<p>Por otro lado, en el Municipio de Landa de Matamoros, la alcaldesa Marina Ponce Camacho, llev\u00f3 a cabo la ceremonia de encendido de \u00e1rbol en compa\u00f1\u00eda de la rectora de la Universidad Aut\u00f3noma de Quer\u00e9taro (UAQ), Teresa Garc\u00eda Gasca, donde se lanzaron fuegos artificiales que engalanaron el arranque de las fiestas decembrinas.<\/p>\n\n\n\n<figure class=\"wp-block-image size-large is-resized\"><img loading=\"lazy\" decoding=\"async\" src=\"https:\/\/a3noticias.com.mx\/sandbox\/wp-content\/uploads\/2021\/12\/260644037_996188431246043_6868484924802944098_n-135x90.jpeg\" alt=\"\" class=\"wp-image-17329\" width=\"586\" height=\"391\" srcset=\"https:\/\/a3noticias.com.mx\/sandbox\/wp-content\/uploads\/2021\/12\/260644037_996188431246043_6868484924802944098_n-135x90.jpeg 135w, https:\/\/a3noticias.com.mx\/sandbox\/wp-content\/uploads\/2021\/12\/260644037_996188431246043_6868484924802944098_n-300x200.jpeg 300w, https:\/\/a3noticias.com.mx\/sandbox\/wp-content\/uploads\/2021\/12\/260644037_996188431246043_6868484924802944098_n-768x512.jpeg 768w, https:\/\/a3noticias.com.mx\/sandbox\/wp-content\/uploads\/2021\/12\/260644037_996188431246043_6868484924802944098_n-1536x1025.jpeg 1536w, https:\/\/a3noticias.com.mx\/sandbox\/wp-content\/uploads\/2021\/12\/260644037_996188431246043_6868484924802944098_n.jpeg 1686w\" sizes=\"auto, (max-width: 586px) 100vw, 586px\" \/><\/figure>\n\n\n\n<p>Adem\u00e1s de que se llev\u00f3 a cabo un concurso de esferas navide\u00f1as y pi\u00f1atas.<\/p>\n\n\n\n<p>En ambos municipios, los asistentes pudieron disfrutar de diversas actividades.<\/p>\n\n\n\n<figure class=\"wp-block-image size-large is-resized\"><img loading=\"lazy\" decoding=\"async\" src=\"https:\/\/a3noticias.com.mx\/sandbox\/wp-content\/uploads\/2021\/12\/261033505_996188384579381_2659418856372709495_n-109x90.jpeg\" alt=\"\" class=\"wp-image-17330\" width=\"594\" height=\"490\"\/><\/figure>\n","protected":false},"excerpt":{"rendered":"<p>En un ambiente de jubilo post-pandemia los municipios de Jalpan de Serra y Landa de Matamoros, llevaron a cabo el tradicional encendido del \u00e1rbol navide\u00f1o y con \u00e9l se inaugur\u00f3 &hellip; <a href=\"https:\/\/a3noticias.com.mx\/sandbox\/2021\/12\/02\/sierra-gorda-de-queretaro-comienza-festejos-navidenos\/\" class=\"more-link\">Leer m\u00e1s<\/a><\/p>\n","protected":false},"author":4,"featured_media":17333,"comment_status":"open","ping_status":"open","sticky":false,"template":"","format":"standard","meta":{"_monsterinsights_skip_tracking":false,"_monsterinsights_sitenote_active":false,"_monsterinsights_sitenote_note":"","_monsterinsights_sitenote_category":0,"footnotes":""},"categories":[2],"tags":[],"class_list":["post-17328","post","type-post","status-publish","format-standard","has-post-thumbnail","hentry","category-qro","entry"],"aioseo_notices":[],"_links":{"self":[{"href":"https:\/\/a3noticias.com.mx\/sandbox\/wp-json\/wp\/v2\/posts\/17328","targetHints":{"allow":["GET"]}}],"collection":[{"href":"https:\/\/a3noticias.com.mx\/sandbox\/wp-json\/wp\/v2\/posts"}],"about":[{"href":"https:\/\/a3noticias.com.mx\/sandbox\/wp-json\/wp\/v2\/types\/post"}],"author":[{"embeddable":true,"href":"https:\/\/a3noticias.com.mx\/sandbox\/wp-json\/wp\/v2\/users\/4"}],"replies":[{"embeddable":true,"href":"https:\/\/a3noticias.com.mx\/sandbox\/wp-json\/wp\/v2\/comments?post=17328"}],"version-history":[{"count":1,"href":"https:\/\/a3noticias.com.mx\/sandbox\/wp-json\/wp\/v2\/posts\/17328\/revisions"}],"predecessor-version":[{"id":17334,"href":"https:\/\/a3noticias.com.mx\/sandbox\/wp-json\/wp\/v2\/posts\/17328\/revisions\/17334"}],"wp:featuredmedia":[{"embeddable":true,"href":"https:\/\/a3noticias.com.mx\/sandbox\/wp-json\/wp\/v2\/media\/17333"}],"wp:attachment":[{"href":"https:\/\/a3noticias.com.mx\/sandbox\/wp-json\/wp\/v2\/media?parent=17328"}],"wp:term":[{"taxonomy":"category","embeddable":true,"href":"https:\/\/a3noticias.com.mx\/sandbox\/wp-json\/wp\/v2\/categories?post=17328"},{"taxonomy":"post_tag","embeddable":true,"href":"https:\/\/a3noticias.com.mx\/sandbox\/wp-json\/wp\/v2\/tags?post=17328"}],"curies":[{"name":"wp","href":"https:\/\/api.w.org\/{rel}","templated":true}]}}