{"id":17338,"date":"2021-12-02T14:41:23","date_gmt":"2021-12-02T20:41:23","guid":{"rendered":"https:\/\/a3noticias.com.mx\/sandbox\/?p=17338"},"modified":"2021-12-02T14:41:24","modified_gmt":"2021-12-02T20:41:24","slug":"canaco-queretaro-celebra-aumento-al-salario-minimo","status":"publish","type":"post","link":"https:\/\/a3noticias.com.mx\/sandbox\/2021\/12\/02\/canaco-queretaro-celebra-aumento-al-salario-minimo\/","title":{"rendered":"Canaco Quer\u00e9taro celebra aumento al salario m\u00ednimo."},"content":{"rendered":"\n<p>\u200b\u200bLuego de que el presidente, Andr\u00e9s Manuel L\u00f3pez Obrador, anunci\u00f3 el incremento al salario m\u00ednimo para el 2022, Fabi\u00e1n Camacho Arredondo,&nbsp; presidente de la C\u00e1mara Nacional de Comercio (Canaco) en Quer\u00e9taro, celebr\u00f3 esta decisi\u00f3n, pues consider\u00f3 que esta acci\u00f3n se genera un equilibrio econ\u00f3mico, ya que podr\u00eda incentivar el consumo para un sector de trabajadores.&nbsp;<\/p>\n\n\n\n<blockquote class=\"wp-block-quote is-layout-flow wp-block-quote-is-layout-flow\"><p>\u201cEs una noticia positiva porque acciones como estas generan un ejercicio de equilibrio para aquellas personas que est\u00e9n en esta situaci\u00f3n de estar percibiendo salarios cercanos a los m\u00ednimos\u201d.<\/p><\/blockquote>\n\n\n\n<p>En ese sentido, Camacho Arredondo, descart\u00f3 posibles afectaciones para el sector empresarial pues se\u00f1al\u00f3 que el 80 por ciento de los afiliados paga por encima del salario m\u00ednimo.&nbsp;<\/p>\n\n\n\n<blockquote class=\"wp-block-quote is-layout-flow wp-block-quote-is-layout-flow\"><p>\u201cEn T\u00e9rminos generales, 80 por ciento de los socios de la c\u00e1mara tienen a bien tener tabuladores de salarios y sueldos por arriba del salario m\u00ednimo, por lo cual de manera directa no impacta\u201d<\/p><\/blockquote>\n\n\n\n<p>Por ello celebr\u00f3 la noticia de que para el 2022 habr\u00e1 un incremento del 22 por ciento, esto es 172.87 pesos para casi todo el pa\u00eds.<\/p>\n","protected":false},"excerpt":{"rendered":"<p>\u200b\u200bLuego de que el presidente, Andr\u00e9s Manuel L\u00f3pez Obrador, anunci\u00f3 el incremento al salario m\u00ednimo para el 2022, Fabi\u00e1n Camacho Arredondo,&nbsp; presidente de la C\u00e1mara Nacional de Comercio (Canaco) en &hellip; <a href=\"https:\/\/a3noticias.com.mx\/sandbox\/2021\/12\/02\/canaco-queretaro-celebra-aumento-al-salario-minimo\/\" class=\"more-link\">Leer m\u00e1s<\/a><\/p>\n","protected":false},"author":2,"featured_media":17339,"comment_status":"open","ping_status":"open","sticky":false,"template":"","format":"standard","meta":{"_monsterinsights_skip_tracking":false,"_monsterinsights_sitenote_active":false,"_monsterinsights_sitenote_note":"","_monsterinsights_sitenote_category":0,"footnotes":""},"categories":[2],"tags":[],"class_list":["post-17338","post","type-post","status-publish","format-standard","has-post-thumbnail","hentry","category-qro","entry"],"aioseo_notices":[],"_links":{"self":[{"href":"https:\/\/a3noticias.com.mx\/sandbox\/wp-json\/wp\/v2\/posts\/17338","targetHints":{"allow":["GET"]}}],"collection":[{"href":"https:\/\/a3noticias.com.mx\/sandbox\/wp-json\/wp\/v2\/posts"}],"about":[{"href":"https:\/\/a3noticias.com.mx\/sandbox\/wp-json\/wp\/v2\/types\/post"}],"author":[{"embeddable":true,"href":"https:\/\/a3noticias.com.mx\/sandbox\/wp-json\/wp\/v2\/users\/2"}],"replies":[{"embeddable":true,"href":"https:\/\/a3noticias.com.mx\/sandbox\/wp-json\/wp\/v2\/comments?post=17338"}],"version-history":[{"count":1,"href":"https:\/\/a3noticias.com.mx\/sandbox\/wp-json\/wp\/v2\/posts\/17338\/revisions"}],"predecessor-version":[{"id":17340,"href":"https:\/\/a3noticias.com.mx\/sandbox\/wp-json\/wp\/v2\/posts\/17338\/revisions\/17340"}],"wp:featuredmedia":[{"embeddable":true,"href":"https:\/\/a3noticias.com.mx\/sandbox\/wp-json\/wp\/v2\/media\/17339"}],"wp:attachment":[{"href":"https:\/\/a3noticias.com.mx\/sandbox\/wp-json\/wp\/v2\/media?parent=17338"}],"wp:term":[{"taxonomy":"category","embeddable":true,"href":"https:\/\/a3noticias.com.mx\/sandbox\/wp-json\/wp\/v2\/categories?post=17338"},{"taxonomy":"post_tag","embeddable":true,"href":"https:\/\/a3noticias.com.mx\/sandbox\/wp-json\/wp\/v2\/tags?post=17338"}],"curies":[{"name":"wp","href":"https:\/\/api.w.org\/{rel}","templated":true}]}}