{"id":17345,"date":"2021-12-02T23:54:48","date_gmt":"2021-12-03T05:54:48","guid":{"rendered":"https:\/\/a3noticias.com.mx\/sandbox\/?p=17345"},"modified":"2021-12-03T10:39:47","modified_gmt":"2021-12-03T16:39:47","slug":"segun-indre-se-reporto-primer-caso-sospechoso-de-la-nueva-variante-omicron-en-mexico","status":"publish","type":"post","link":"https:\/\/a3noticias.com.mx\/sandbox\/2021\/12\/02\/segun-indre-se-reporto-primer-caso-sospechoso-de-la-nueva-variante-omicron-en-mexico\/","title":{"rendered":"L\u00f3pez-Gatell confirma primer caso de \u00d3micron en M\u00e9xico."},"content":{"rendered":"\n<p>Luego de que la Secretar\u00eda de Salud diera a conocer el d\u00eda de ayer que hab\u00eda un caso sospechoso de \u00d3micron en M\u00e9xico, el d\u00eda de hoy el subsecretario de Prevenci\u00f3n y Promoci\u00f3n de la Salud, Hugo L\u00f3pez-Gatell Ram\u00edrez, constat\u00f3 a trav\u00e9s de sus redes sociales que se ha confirmado el primer caso positivo de la variante \u00d3micron de COVID-19 en M\u00e9xico.<\/p>\n\n\n\n<p>\u201cEl primer caso positivo de la variante \u00f3micron en M\u00e9xico es una persona de 51 a\u00f1os proveniente de Sud\u00e1frica; tiene enfermedad leve y voluntariamente se intern\u00f3 en un hospital privado en la Ciudad de M\u00e9xico para evitar contagiar. Su pron\u00f3stico de recuperaci\u00f3n es favorable\u201d.<\/p>\n\n\n\n<p>El funcionario refiri\u00f3 que a partir del 26 de noviembre se estableci\u00f3 un protocolo de vigilancia virol\u00f3gica que identifica tempranamente casos de COVID-19 en personas que llegan de cualquier pa\u00eds.<\/p>\n\n\n\n<blockquote class=\"wp-block-quote is-layout-flow wp-block-quote-is-layout-flow\"><p>\u00abCerrar fronteras y bloquear personas o bienes, no son medidas \u00fatiles para contener las variantes\u201d.<\/p><\/blockquote>\n\n\n\n<p>L\u00f3pez-Gatell se\u00f1al\u00f3 que la Organizaci\u00f3n Mundial de la Salud (OMS) refiere que  la vacunaci\u00f3n sigue siendo fundamental para reducir riesgos de hospitalizaci\u00f3n y muerte.<\/p>\n\n\n\n<blockquote class=\"wp-block-quote is-layout-flow wp-block-quote-is-layout-flow\"><p>\u201cLlamamos a conservar la calma y seguir aplicando medidas para evitar contagios: sana distancia, uso de cubrebocas, estornudo de etiqueta y lavado frecuente de manos\u201d.<\/p><\/blockquote>\n\n\n\n<p>Por su parte, el presidente, Andr\u00e9s Manuel L\u00f3pez Obrador, en &#8216;La Ma\u00f1anera&#8217; y antes de confirmarse el caso de \u00f3micron, dijo que esto no significa que haya m\u00e1s riesgos.<\/p>\n\n\n\n<blockquote class=\"wp-block-quote is-layout-flow wp-block-quote-is-layout-flow\"><p>\u00abLa vacuna s\u00ed protege de todas las variantes, no debe de haber preocupaci\u00f3n, mucho menos sensacionalismo de los medios\u00bb.<\/p><\/blockquote>\n\n\n\n<p>Asimismo, el mandatario federal rechaz\u00f3 cerrar fronteras y nuevos confinamientos ante la  llegada de la variante Omicron de Covid-19.<\/p>\n","protected":false},"excerpt":{"rendered":"<p>Luego de que la Secretar\u00eda de Salud diera a conocer el d\u00eda de ayer que hab\u00eda un caso sospechoso de \u00d3micron en M\u00e9xico, el d\u00eda de hoy el subsecretario de &hellip; <a href=\"https:\/\/a3noticias.com.mx\/sandbox\/2021\/12\/02\/segun-indre-se-reporto-primer-caso-sospechoso-de-la-nueva-variante-omicron-en-mexico\/\" class=\"more-link\">Leer m\u00e1s<\/a><\/p>\n","protected":false},"author":2,"featured_media":17346,"comment_status":"open","ping_status":"open","sticky":false,"template":"","format":"standard","meta":{"_monsterinsights_skip_tracking":false,"_monsterinsights_sitenote_active":false,"_monsterinsights_sitenote_note":"","_monsterinsights_sitenote_category":0,"footnotes":""},"categories":[3],"tags":[],"class_list":["post-17345","post","type-post","status-publish","format-standard","has-post-thumbnail","hentry","category-nal","entry"],"aioseo_notices":[],"_links":{"self":[{"href":"https:\/\/a3noticias.com.mx\/sandbox\/wp-json\/wp\/v2\/posts\/17345","targetHints":{"allow":["GET"]}}],"collection":[{"href":"https:\/\/a3noticias.com.mx\/sandbox\/wp-json\/wp\/v2\/posts"}],"about":[{"href":"https:\/\/a3noticias.com.mx\/sandbox\/wp-json\/wp\/v2\/types\/post"}],"author":[{"embeddable":true,"href":"https:\/\/a3noticias.com.mx\/sandbox\/wp-json\/wp\/v2\/users\/2"}],"replies":[{"embeddable":true,"href":"https:\/\/a3noticias.com.mx\/sandbox\/wp-json\/wp\/v2\/comments?post=17345"}],"version-history":[{"count":3,"href":"https:\/\/a3noticias.com.mx\/sandbox\/wp-json\/wp\/v2\/posts\/17345\/revisions"}],"predecessor-version":[{"id":17362,"href":"https:\/\/a3noticias.com.mx\/sandbox\/wp-json\/wp\/v2\/posts\/17345\/revisions\/17362"}],"wp:featuredmedia":[{"embeddable":true,"href":"https:\/\/a3noticias.com.mx\/sandbox\/wp-json\/wp\/v2\/media\/17346"}],"wp:attachment":[{"href":"https:\/\/a3noticias.com.mx\/sandbox\/wp-json\/wp\/v2\/media?parent=17345"}],"wp:term":[{"taxonomy":"category","embeddable":true,"href":"https:\/\/a3noticias.com.mx\/sandbox\/wp-json\/wp\/v2\/categories?post=17345"},{"taxonomy":"post_tag","embeddable":true,"href":"https:\/\/a3noticias.com.mx\/sandbox\/wp-json\/wp\/v2\/tags?post=17345"}],"curies":[{"name":"wp","href":"https:\/\/api.w.org\/{rel}","templated":true}]}}