{"id":17348,"date":"2021-12-03T00:26:12","date_gmt":"2021-12-03T06:26:12","guid":{"rendered":"https:\/\/a3noticias.com.mx\/sandbox\/?p=17348"},"modified":"2021-12-03T00:26:14","modified_gmt":"2021-12-03T06:26:14","slug":"en-queretaro-hay-mas-de-355-mil-personas-con-discapacidad","status":"publish","type":"post","link":"https:\/\/a3noticias.com.mx\/sandbox\/2021\/12\/03\/en-queretaro-hay-mas-de-355-mil-personas-con-discapacidad\/","title":{"rendered":"En Quer\u00e9taro hay m\u00e1s de 355 mil personas con discapacidad."},"content":{"rendered":"\n<p>Ser una \u201csociedad\u201d quiere decir entender y adaptarse a las distintas personas, sus necesidades y la manera en que participan en la sociedad para darles todas las oportunidades de desarrollo y, con ello, poco a poco construir una sociedad incluyente, en la que se identificaron las barreras a las que se enfrentan d\u00eda con d\u00eda y se trabaj\u00f3 en conjunto sociedad, asociaciones y autoridades competentes para erradicarlos.<\/p>\n\n\n\n<p>En el marco del D\u00eda Internacional de las Personas con Discapacidad, no quedan muchas dudas de que como sociedad&nbsp; falta mucho para lograr que las PcD sean totalmente inclu\u00eddas, que se les deje de estigmatizar y discriminar, pues son personas con derechos para desarrollarse y explotar al m\u00e1ximo sus capacidades.&nbsp;<\/p>\n\n\n\n<p>De acuerdo al Instituto Nacional de Estad\u00edstica y Geograf\u00eda (INEGI), al cierre de 2020,&nbsp; se reportaron 355 mil 47 personas con discapacidad en Quer\u00e9taro. En M\u00e9xico hay 20 millones 838 mil 108 personas con esta condici\u00f3n, por lo que la cifra queretana corresponde al 1.7 por ciento del total nacional.&nbsp;<\/p>\n\n\n\n<p>El Consejo Nacional Para Prevenir la Discriminaci\u00f3n (Conapred) indica que las PcD est\u00e1n dentro de los once grupos que m\u00e1s sufren discriminaci\u00f3n en el pa\u00eds, pues se enfrentan al rechazo social, la subestimaci\u00f3n, el menosprecio, la accesibilidad, entre otras cosas&nbsp; que provocan que se vulnere la dignidad, los derechos humanos y las libertades fundamentales de las personas que viven con alg\u00fan tipo de discapacidad.&nbsp;<\/p>\n","protected":false},"excerpt":{"rendered":"<p>Ser una \u201csociedad\u201d quiere decir entender y adaptarse a las distintas personas, sus necesidades y la manera en que participan en la sociedad para darles todas las oportunidades de desarrollo &hellip; <a href=\"https:\/\/a3noticias.com.mx\/sandbox\/2021\/12\/03\/en-queretaro-hay-mas-de-355-mil-personas-con-discapacidad\/\" class=\"more-link\">Leer m\u00e1s<\/a><\/p>\n","protected":false},"author":2,"featured_media":17349,"comment_status":"open","ping_status":"open","sticky":false,"template":"","format":"standard","meta":{"_monsterinsights_skip_tracking":false,"_monsterinsights_sitenote_active":false,"_monsterinsights_sitenote_note":"","_monsterinsights_sitenote_category":0,"footnotes":""},"categories":[2],"tags":[],"class_list":["post-17348","post","type-post","status-publish","format-standard","has-post-thumbnail","hentry","category-qro","entry"],"aioseo_notices":[],"_links":{"self":[{"href":"https:\/\/a3noticias.com.mx\/sandbox\/wp-json\/wp\/v2\/posts\/17348","targetHints":{"allow":["GET"]}}],"collection":[{"href":"https:\/\/a3noticias.com.mx\/sandbox\/wp-json\/wp\/v2\/posts"}],"about":[{"href":"https:\/\/a3noticias.com.mx\/sandbox\/wp-json\/wp\/v2\/types\/post"}],"author":[{"embeddable":true,"href":"https:\/\/a3noticias.com.mx\/sandbox\/wp-json\/wp\/v2\/users\/2"}],"replies":[{"embeddable":true,"href":"https:\/\/a3noticias.com.mx\/sandbox\/wp-json\/wp\/v2\/comments?post=17348"}],"version-history":[{"count":1,"href":"https:\/\/a3noticias.com.mx\/sandbox\/wp-json\/wp\/v2\/posts\/17348\/revisions"}],"predecessor-version":[{"id":17350,"href":"https:\/\/a3noticias.com.mx\/sandbox\/wp-json\/wp\/v2\/posts\/17348\/revisions\/17350"}],"wp:featuredmedia":[{"embeddable":true,"href":"https:\/\/a3noticias.com.mx\/sandbox\/wp-json\/wp\/v2\/media\/17349"}],"wp:attachment":[{"href":"https:\/\/a3noticias.com.mx\/sandbox\/wp-json\/wp\/v2\/media?parent=17348"}],"wp:term":[{"taxonomy":"category","embeddable":true,"href":"https:\/\/a3noticias.com.mx\/sandbox\/wp-json\/wp\/v2\/categories?post=17348"},{"taxonomy":"post_tag","embeddable":true,"href":"https:\/\/a3noticias.com.mx\/sandbox\/wp-json\/wp\/v2\/tags?post=17348"}],"curies":[{"name":"wp","href":"https:\/\/api.w.org\/{rel}","templated":true}]}}