{"id":17351,"date":"2021-12-03T09:44:25","date_gmt":"2021-12-03T15:44:25","guid":{"rendered":"https:\/\/a3noticias.com.mx\/sandbox\/?p=17351"},"modified":"2021-12-03T09:44:27","modified_gmt":"2021-12-03T15:44:27","slug":"premiaran-a-ganadores-de-concurso-las-letras-de-la-discapacidad","status":"publish","type":"post","link":"https:\/\/a3noticias.com.mx\/sandbox\/2021\/12\/03\/premiaran-a-ganadores-de-concurso-las-letras-de-la-discapacidad\/","title":{"rendered":"Premiar\u00e1n a ganadores de concurso \u201cLas letras de la discapacidad\u201d"},"content":{"rendered":"\n<p>En el marco del D\u00eda Internacional de las Personas con Discapacidad, la compa\u00f1\u00eda de Danza sobre silla de ruedas \u201cClub Yha n \u0301hei\u201d premiar\u00e1 a quienes participaron en el concurso a favor de la inclusi\u00f3n y la sensibilizaci\u00f3n ciudadana sobre la discapacidad, que lleva por nombre \u201cLas letras de la discapacidad\u201d.<\/p>\n\n\n\n<p>Los participantes enviaron cartas donde contaban su experiencia viviendo con una discapacidad a fin de generar consciencia en la sociedad sobre el significado de padecer una discapacidad.<\/p>\n\n\n\n<p>En la convocatoria tambi\u00e9n pudieron participar familiares de personas con discapacidad, quienes pod\u00edan narrar lo que implica estar al cuidado de una persona con dichas caracter\u00edsticas.&nbsp;<\/p>\n\n\n\n<p>Todo lo anterior, con el fin de sensibilizar a la poblaci\u00f3n mundial y de mejorar la calidad de vida de estas personas, quienes se enfrentan cotidianamente a situaciones como falta de rampas suficientes en las calles, negocios y centros comerciales, falta de espacio suficiente para movilizarse en sus sillas de ruedas, entre otros factores.<\/p>\n\n\n\n<p>El evento tendr\u00e1 lugar este viernes 3 de diciembre a partir de las 17:30 horas, en la antigua estaci\u00f3n del tren en Quer\u00e9taro, en donde se reconocer\u00e1 a las diez cartas m\u00e1s emotivas.<\/p>\n\n\n\n<p>A los ganadores, se les realizar\u00e1 un video para que as\u00ed la ciudadan\u00eda de Quer\u00e9taro y otras partes de M\u00e9xico que usen las redes sociales, puedan escuchar las<\/p>\n\n\n\n<p>experiencias de vida de las personas con discapacidad y de esta manera fomentar la sensibilizaci\u00f3n acerca de esta situaci\u00f3n para impulsar una verdadera inclusi\u00f3n. Adem\u00e1s, como parte de los premios se les dar\u00e1 un paquete de diez libros denominados aut\u00e9nticas joyas de la historia del Estado de Quer\u00e9taro, y sus Municipios.&nbsp;<\/p>\n\n\n\n<p>En el evento estar\u00e1n presentes la Secretaria de Cultura Estatal, Marcela Hebert Pesquera; la titular de la Secretar\u00eda de Cultura del municipio de Quer\u00e9taro, Mar\u00eda Teresa Garc\u00eda Besn\u00e9; el titular de Cronistas Delegacionales, Eduardo Rabell; y\u00a0el Maestro en atenciones poblacionales especiales, V\u00edctor Ricardo L\u00f3pez Carmona.<\/p>\n\n\n\n<div class=\"wp-block-image\"><figure class=\"aligncenter size-large is-resized\"><img loading=\"lazy\" decoding=\"async\" src=\"https:\/\/a3noticias.com.mx\/sandbox\/wp-content\/uploads\/2021\/12\/7f5b09a3-a525-4dd0-bcd9-96ab70aab40d-70x90.jpeg\" alt=\"\" class=\"wp-image-17352\" width=\"479\" height=\"616\"\/><\/figure><\/div>\n","protected":false},"excerpt":{"rendered":"<p>En el marco del D\u00eda Internacional de las Personas con Discapacidad, la compa\u00f1\u00eda de Danza sobre silla de ruedas \u201cClub Yha n \u0301hei\u201d premiar\u00e1 a quienes participaron en el concurso &hellip; <a href=\"https:\/\/a3noticias.com.mx\/sandbox\/2021\/12\/03\/premiaran-a-ganadores-de-concurso-las-letras-de-la-discapacidad\/\" class=\"more-link\">Leer m\u00e1s<\/a><\/p>\n","protected":false},"author":4,"featured_media":17353,"comment_status":"open","ping_status":"open","sticky":false,"template":"","format":"standard","meta":{"_monsterinsights_skip_tracking":false,"_monsterinsights_sitenote_active":false,"_monsterinsights_sitenote_note":"","_monsterinsights_sitenote_category":0,"footnotes":""},"categories":[2],"tags":[],"class_list":["post-17351","post","type-post","status-publish","format-standard","has-post-thumbnail","hentry","category-qro","entry"],"aioseo_notices":[],"_links":{"self":[{"href":"https:\/\/a3noticias.com.mx\/sandbox\/wp-json\/wp\/v2\/posts\/17351","targetHints":{"allow":["GET"]}}],"collection":[{"href":"https:\/\/a3noticias.com.mx\/sandbox\/wp-json\/wp\/v2\/posts"}],"about":[{"href":"https:\/\/a3noticias.com.mx\/sandbox\/wp-json\/wp\/v2\/types\/post"}],"author":[{"embeddable":true,"href":"https:\/\/a3noticias.com.mx\/sandbox\/wp-json\/wp\/v2\/users\/4"}],"replies":[{"embeddable":true,"href":"https:\/\/a3noticias.com.mx\/sandbox\/wp-json\/wp\/v2\/comments?post=17351"}],"version-history":[{"count":1,"href":"https:\/\/a3noticias.com.mx\/sandbox\/wp-json\/wp\/v2\/posts\/17351\/revisions"}],"predecessor-version":[{"id":17354,"href":"https:\/\/a3noticias.com.mx\/sandbox\/wp-json\/wp\/v2\/posts\/17351\/revisions\/17354"}],"wp:featuredmedia":[{"embeddable":true,"href":"https:\/\/a3noticias.com.mx\/sandbox\/wp-json\/wp\/v2\/media\/17353"}],"wp:attachment":[{"href":"https:\/\/a3noticias.com.mx\/sandbox\/wp-json\/wp\/v2\/media?parent=17351"}],"wp:term":[{"taxonomy":"category","embeddable":true,"href":"https:\/\/a3noticias.com.mx\/sandbox\/wp-json\/wp\/v2\/categories?post=17351"},{"taxonomy":"post_tag","embeddable":true,"href":"https:\/\/a3noticias.com.mx\/sandbox\/wp-json\/wp\/v2\/tags?post=17351"}],"curies":[{"name":"wp","href":"https:\/\/api.w.org\/{rel}","templated":true}]}}