{"id":17356,"date":"2021-12-03T10:22:59","date_gmt":"2021-12-03T16:22:59","guid":{"rendered":"https:\/\/a3noticias.com.mx\/sandbox\/?p=17356"},"modified":"2021-12-03T10:23:02","modified_gmt":"2021-12-03T16:23:02","slug":"tras-fuga-de-el-michoacano-queretaro-se-encuentra-en-alerta","status":"publish","type":"post","link":"https:\/\/a3noticias.com.mx\/sandbox\/2021\/12\/03\/tras-fuga-de-el-michoacano-queretaro-se-encuentra-en-alerta\/","title":{"rendered":"Tras fuga de \u00abEl Michoacano\u00bb, Quer\u00e9taro se encuentra en alerta."},"content":{"rendered":"\n<p>Luego de que el pasado mi\u00e9rcoles en la madrugada se fugaran nueve reos del penal de Tula, Hidalgo, el gobernador, Mauricio Kuri Gonz\u00e1lez, apunt\u00f3 que Quer\u00e9taro se encuentra en estado de alerta, pues entre los reos presuntamente se encuentra Jos\u00e9 Artemio Mej\u00eda \u201cEl Michoacano\u201d, quien es reconocido como uno de los l\u00edderes de la organizaci\u00f3n criminal \u201cPueblos Unidos\u201d.<\/p>\n\n\n\n<p>Seg\u00fan informaci\u00f3n del mandatario estatal, las coordinaciones de seguridad&nbsp; se encuentran en constante monitoreo de c\u00e1maras y equipos de seguridad instalados en el estado, pues aparentemente circul\u00f3 por la carretera M\u00e9xico-Quer\u00e9taro, luego de que se publicar\u00e1 un video de una caseta de cobro de este tramo, sin que se conozca el punto exacto.<\/p>\n\n\n\n<p>El gobernador de Quer\u00e9taro dijo que esta fuga es un reto y desaf\u00edo para las autoridades del estado, a lo que \u00e9stas deben responder, agreg\u00f3 que para ello hay una estrecha coordinaci\u00f3n entre los estados vecinos de Guanajuato e Hidalgo.&nbsp;<\/p>\n\n\n\n<blockquote class=\"wp-block-quote is-layout-flow wp-block-quote-is-layout-flow\"><p>\u201cEstamos viviendo una crisis de inseguridad en el pa\u00eds y en el estado de Quer\u00e9taro tenemos que estar muy pendientes para que no nos contagiemos de lo que est\u00e1 pasando, por eso es d\u00eda con d\u00eda, yo no digo que no vaya a haber un evento, es muy probable que s\u00ed, les puedo decir que estamos listos y puestos para responder\u201d.<\/p><\/blockquote>\n","protected":false},"excerpt":{"rendered":"<p>Luego de que el pasado mi\u00e9rcoles en la madrugada se fugaran nueve reos del penal de Tula, Hidalgo, el gobernador, Mauricio Kuri Gonz\u00e1lez, apunt\u00f3 que Quer\u00e9taro se encuentra en estado &hellip; <a href=\"https:\/\/a3noticias.com.mx\/sandbox\/2021\/12\/03\/tras-fuga-de-el-michoacano-queretaro-se-encuentra-en-alerta\/\" class=\"more-link\">Leer m\u00e1s<\/a><\/p>\n","protected":false},"author":2,"featured_media":17357,"comment_status":"open","ping_status":"open","sticky":false,"template":"","format":"standard","meta":{"_monsterinsights_skip_tracking":false,"_monsterinsights_sitenote_active":false,"_monsterinsights_sitenote_note":"","_monsterinsights_sitenote_category":0,"footnotes":""},"categories":[2],"tags":[],"class_list":["post-17356","post","type-post","status-publish","format-standard","has-post-thumbnail","hentry","category-qro","entry"],"aioseo_notices":[],"_links":{"self":[{"href":"https:\/\/a3noticias.com.mx\/sandbox\/wp-json\/wp\/v2\/posts\/17356","targetHints":{"allow":["GET"]}}],"collection":[{"href":"https:\/\/a3noticias.com.mx\/sandbox\/wp-json\/wp\/v2\/posts"}],"about":[{"href":"https:\/\/a3noticias.com.mx\/sandbox\/wp-json\/wp\/v2\/types\/post"}],"author":[{"embeddable":true,"href":"https:\/\/a3noticias.com.mx\/sandbox\/wp-json\/wp\/v2\/users\/2"}],"replies":[{"embeddable":true,"href":"https:\/\/a3noticias.com.mx\/sandbox\/wp-json\/wp\/v2\/comments?post=17356"}],"version-history":[{"count":1,"href":"https:\/\/a3noticias.com.mx\/sandbox\/wp-json\/wp\/v2\/posts\/17356\/revisions"}],"predecessor-version":[{"id":17358,"href":"https:\/\/a3noticias.com.mx\/sandbox\/wp-json\/wp\/v2\/posts\/17356\/revisions\/17358"}],"wp:featuredmedia":[{"embeddable":true,"href":"https:\/\/a3noticias.com.mx\/sandbox\/wp-json\/wp\/v2\/media\/17357"}],"wp:attachment":[{"href":"https:\/\/a3noticias.com.mx\/sandbox\/wp-json\/wp\/v2\/media?parent=17356"}],"wp:term":[{"taxonomy":"category","embeddable":true,"href":"https:\/\/a3noticias.com.mx\/sandbox\/wp-json\/wp\/v2\/categories?post=17356"},{"taxonomy":"post_tag","embeddable":true,"href":"https:\/\/a3noticias.com.mx\/sandbox\/wp-json\/wp\/v2\/tags?post=17356"}],"curies":[{"name":"wp","href":"https:\/\/api.w.org\/{rel}","templated":true}]}}