{"id":17363,"date":"2021-12-03T11:18:32","date_gmt":"2021-12-03T17:18:32","guid":{"rendered":"https:\/\/a3noticias.com.mx\/sandbox\/?p=17363"},"modified":"2021-12-03T11:18:35","modified_gmt":"2021-12-03T17:18:35","slug":"uciq-preve-que-en-2022-se-incremente-infraestructura-ciclista","status":"publish","type":"post","link":"https:\/\/a3noticias.com.mx\/sandbox\/2021\/12\/03\/uciq-preve-que-en-2022-se-incremente-infraestructura-ciclista\/","title":{"rendered":"UCIQ prev\u00e9 que en 2022 se incremente infraestructura ciclista."},"content":{"rendered":"\n<p>El vocero de la Uni\u00f3n de Asociaciones Ciclistas de Quer\u00e9taro (UCIQ), Andrei Montero, se\u00f1al\u00f3 que en el 2022 la infraestructura ciclista crecer\u00e1 en la capital y que se espera que al menos sean tres proyectos integrales los que se trabajen.&nbsp;<\/p>\n\n\n\n<blockquote class=\"wp-block-quote is-layout-flow wp-block-quote-is-layout-flow\"><p>\u201cSe nos ha adelantado que el pr\u00f3ximo a\u00f1o se har\u00e1n m\u00ednimo 3 ejecuciones de ciclov\u00edas, se har\u00e1 una ciclov\u00eda nueva y dos proyectos de conectar ciclov\u00eda existentes\u201d\u00a0<\/p><\/blockquote>\n\n\n\n<p>Lo anterior se ha dado luego de las reuniones sostenidas con el alcalde capitalino, Luis Bernardo Nava, y el titular de la secretar\u00eda de Movilidad.<\/p>\n\n\n\n<p>Montero detall\u00f3 que se les inform\u00f3 sobre algunos proyectos integrales de ciclov\u00edas, uno de ellos contempla la creaci\u00f3n de una nueva v\u00eda, la cual se prev\u00e9 sea la intervenci\u00f3n en prolongaci\u00f3n Zaragoza desde 5 de febrero para conectar hasta prolongaci\u00f3n el Jacal en el municipio de Corregidora, lo que dar\u00eda oportunidad para que est\u00e9 ayuntamiento trabaje en su conectividad.<\/p>\n\n\n\n<p>Los dos proyectos restantes m\u00e1s para la conectividad y seguridad de las existentes son para dar mejor\u00eda a la ciclov\u00eda de la avenida Universidad que conecta con H\u00e9rcules, aunque tambi\u00e9n se buscar\u00e1 llegar hasta la Ca\u00f1ada, y conectar al municipio de El Marqu\u00e9s.<\/p>\n\n\n\n<blockquote class=\"wp-block-quote is-layout-flow wp-block-quote-is-layout-flow\"><p>\u201cLo que tratamos es hacer para el pr\u00f3ximo a\u00f1o es que los tres municipios de la zona metropolitana est\u00e9n de alguna forma conectados por una ciclov\u00eda\u201d<\/p><\/blockquote>\n\n\n\n<p>As\u00ed mismo la tercera intervenci\u00f3n resalt\u00f3 que podr\u00eda ser en el Parque Industrial Benito Ju\u00e1rez, que si bien tiene alg\u00fan avance puntualiz\u00f3 que se buscar\u00e1 mejorar con la se\u00f1al\u00e9tica y los elementos para su delimitaci\u00f3n.&nbsp;<\/p>\n","protected":false},"excerpt":{"rendered":"<p>El vocero de la Uni\u00f3n de Asociaciones Ciclistas de Quer\u00e9taro (UCIQ), Andrei Montero, se\u00f1al\u00f3 que en el 2022 la infraestructura ciclista crecer\u00e1 en la capital y que se espera que &hellip; <a href=\"https:\/\/a3noticias.com.mx\/sandbox\/2021\/12\/03\/uciq-preve-que-en-2022-se-incremente-infraestructura-ciclista\/\" class=\"more-link\">Leer m\u00e1s<\/a><\/p>\n","protected":false},"author":2,"featured_media":17364,"comment_status":"open","ping_status":"open","sticky":false,"template":"","format":"standard","meta":{"_monsterinsights_skip_tracking":false,"_monsterinsights_sitenote_active":false,"_monsterinsights_sitenote_note":"","_monsterinsights_sitenote_category":0,"footnotes":""},"categories":[2],"tags":[],"class_list":["post-17363","post","type-post","status-publish","format-standard","has-post-thumbnail","hentry","category-qro","entry"],"aioseo_notices":[],"_links":{"self":[{"href":"https:\/\/a3noticias.com.mx\/sandbox\/wp-json\/wp\/v2\/posts\/17363","targetHints":{"allow":["GET"]}}],"collection":[{"href":"https:\/\/a3noticias.com.mx\/sandbox\/wp-json\/wp\/v2\/posts"}],"about":[{"href":"https:\/\/a3noticias.com.mx\/sandbox\/wp-json\/wp\/v2\/types\/post"}],"author":[{"embeddable":true,"href":"https:\/\/a3noticias.com.mx\/sandbox\/wp-json\/wp\/v2\/users\/2"}],"replies":[{"embeddable":true,"href":"https:\/\/a3noticias.com.mx\/sandbox\/wp-json\/wp\/v2\/comments?post=17363"}],"version-history":[{"count":1,"href":"https:\/\/a3noticias.com.mx\/sandbox\/wp-json\/wp\/v2\/posts\/17363\/revisions"}],"predecessor-version":[{"id":17365,"href":"https:\/\/a3noticias.com.mx\/sandbox\/wp-json\/wp\/v2\/posts\/17363\/revisions\/17365"}],"wp:featuredmedia":[{"embeddable":true,"href":"https:\/\/a3noticias.com.mx\/sandbox\/wp-json\/wp\/v2\/media\/17364"}],"wp:attachment":[{"href":"https:\/\/a3noticias.com.mx\/sandbox\/wp-json\/wp\/v2\/media?parent=17363"}],"wp:term":[{"taxonomy":"category","embeddable":true,"href":"https:\/\/a3noticias.com.mx\/sandbox\/wp-json\/wp\/v2\/categories?post=17363"},{"taxonomy":"post_tag","embeddable":true,"href":"https:\/\/a3noticias.com.mx\/sandbox\/wp-json\/wp\/v2\/tags?post=17363"}],"curies":[{"name":"wp","href":"https:\/\/api.w.org\/{rel}","templated":true}]}}