{"id":17366,"date":"2021-12-03T14:35:45","date_gmt":"2021-12-03T20:35:45","guid":{"rendered":"https:\/\/a3noticias.com.mx\/sandbox\/?p=17366"},"modified":"2021-12-03T15:52:06","modified_gmt":"2021-12-03T21:52:06","slug":"queretaro-sera-un-destino-turistico-incluyente-y-accesible","status":"publish","type":"post","link":"https:\/\/a3noticias.com.mx\/sandbox\/2021\/12\/03\/queretaro-sera-un-destino-turistico-incluyente-y-accesible\/","title":{"rendered":"Quer\u00e9taro ser\u00e1 un destino tur\u00edstico \u201cincluyente y accesible\u201d"},"content":{"rendered":"\n<p>En el marco del d\u00eda Internacional de las Personas con Discapacidad, la Secretaria de Turismo Estatal, Mariela Mor\u00e1n Ocampo, firm\u00f3 una alianza con el Observatorio Iberoamericano de Turismo Inclusivo y Sensibilizaci\u00f3n del Sector Tur\u00edstico a fin de convertir a Quer\u00e9taro en un destino tur\u00edstico sensible e incluyente para los visitantes que padecen alguna discapacidad.<\/p>\n\n\n\n<p>Mor\u00e1n Ocampo, se\u00f1al\u00f3 que al menos el cinco por ciento del turismo que visita el estado, corresponde a personas que padecen alguna discapacidad, por lo que destac\u00f3 la importancia del compromiso social que se tiene a nivel estatal en este rubro.<\/p>\n\n\n\n<blockquote class=\"wp-block-quote is-layout-flow wp-block-quote-is-layout-flow\"><p>\u201cTenemos la instrucci\u00f3n del gobernador Mauricio Kuri de enfocarnos a otorgar diferentes alternativas para todas las personas, entonces es por eso que estamos apostando\u201d, resalt\u00f3.<\/p><\/blockquote>\n\n\n\n<p>Dijo que esta alianza con el Observatorio servir\u00e1 como directriz, ya que este cuenta con las estad\u00edsticas y metodolog\u00edas que se han implementado y han funcionado en otros pa\u00edses.<\/p>\n\n\n\n<p>Detall\u00f3 que se har\u00e1 una sensibilizaci\u00f3n para con los prestadores de servicios, a fin de que de manera paulatina vayan implementando espacios mucho m\u00e1s incluyentes.<\/p>\n\n\n\n<blockquote class=\"wp-block-quote is-layout-flow wp-block-quote-is-layout-flow\"><p>\u201cVamos a estar trabajando de una forma intersecretarial para que de entrada las diferentes obras que nosotros ejecutemos como gobierno deben alinearse a estos mecanismos, pero tambi\u00e9n los prestadores de servicios vamos a ser una sensibilizaci\u00f3n para con todos ellos, para que poco a poco vayan haciendo sus espacios m\u00e1s incluyentes\u201d.<\/p><\/blockquote>\n\n\n\n<p>Por \u00faltimo, a\u00f1adi\u00f3 que estad\u00edsticamente el 15 % de las personas a nivel mundial tienen alguna discapacidad, por lo que el objetivo es hacer destinos mucho m\u00e1s sensibles e incluyentes.<\/p>\n","protected":false},"excerpt":{"rendered":"<p>En el marco del d\u00eda Internacional de las Personas con Discapacidad, la Secretaria de Turismo Estatal, Mariela Mor\u00e1n Ocampo, firm\u00f3 una alianza con el Observatorio Iberoamericano de Turismo Inclusivo y &hellip; <a href=\"https:\/\/a3noticias.com.mx\/sandbox\/2021\/12\/03\/queretaro-sera-un-destino-turistico-incluyente-y-accesible\/\" class=\"more-link\">Leer m\u00e1s<\/a><\/p>\n","protected":false},"author":4,"featured_media":17369,"comment_status":"open","ping_status":"open","sticky":false,"template":"","format":"standard","meta":{"_monsterinsights_skip_tracking":false,"_monsterinsights_sitenote_active":false,"_monsterinsights_sitenote_note":"","_monsterinsights_sitenote_category":0,"footnotes":""},"categories":[2],"tags":[],"class_list":["post-17366","post","type-post","status-publish","format-standard","has-post-thumbnail","hentry","category-qro","entry"],"aioseo_notices":[],"_links":{"self":[{"href":"https:\/\/a3noticias.com.mx\/sandbox\/wp-json\/wp\/v2\/posts\/17366","targetHints":{"allow":["GET"]}}],"collection":[{"href":"https:\/\/a3noticias.com.mx\/sandbox\/wp-json\/wp\/v2\/posts"}],"about":[{"href":"https:\/\/a3noticias.com.mx\/sandbox\/wp-json\/wp\/v2\/types\/post"}],"author":[{"embeddable":true,"href":"https:\/\/a3noticias.com.mx\/sandbox\/wp-json\/wp\/v2\/users\/4"}],"replies":[{"embeddable":true,"href":"https:\/\/a3noticias.com.mx\/sandbox\/wp-json\/wp\/v2\/comments?post=17366"}],"version-history":[{"count":2,"href":"https:\/\/a3noticias.com.mx\/sandbox\/wp-json\/wp\/v2\/posts\/17366\/revisions"}],"predecessor-version":[{"id":17378,"href":"https:\/\/a3noticias.com.mx\/sandbox\/wp-json\/wp\/v2\/posts\/17366\/revisions\/17378"}],"wp:featuredmedia":[{"embeddable":true,"href":"https:\/\/a3noticias.com.mx\/sandbox\/wp-json\/wp\/v2\/media\/17369"}],"wp:attachment":[{"href":"https:\/\/a3noticias.com.mx\/sandbox\/wp-json\/wp\/v2\/media?parent=17366"}],"wp:term":[{"taxonomy":"category","embeddable":true,"href":"https:\/\/a3noticias.com.mx\/sandbox\/wp-json\/wp\/v2\/categories?post=17366"},{"taxonomy":"post_tag","embeddable":true,"href":"https:\/\/a3noticias.com.mx\/sandbox\/wp-json\/wp\/v2\/tags?post=17366"}],"curies":[{"name":"wp","href":"https:\/\/api.w.org\/{rel}","templated":true}]}}