{"id":17396,"date":"2021-12-04T08:00:00","date_gmt":"2021-12-04T14:00:00","guid":{"rendered":"https:\/\/a3noticias.com.mx\/sandbox\/?p=17396"},"modified":"2021-12-04T01:16:38","modified_gmt":"2021-12-04T07:16:38","slug":"audiencia-por-colapso-de-linea-12-es-aplazada-hasta-marzo-7-del-proximo-ano","status":"publish","type":"post","link":"https:\/\/a3noticias.com.mx\/sandbox\/2021\/12\/04\/audiencia-por-colapso-de-linea-12-es-aplazada-hasta-marzo-7-del-proximo-ano\/","title":{"rendered":"Audiencia por colapso de L\u00ednea 12 es aplazada hasta marzo 7 del pr\u00f3ximo a\u00f1o."},"content":{"rendered":"\n<p>La audiencia respecto al colapso de la l\u00ednea 12 del Sistema de Transporte Colectivo Metro se llevar\u00e1 a cabo hasta el 7 de marzo del 2022 por decisi\u00f3n del juez de control del Poder Judicial de la Ciudad de M\u00e9xico, Jos\u00e9 Luis Palacios, pues las v\u00edctimas y sus defensas desconocen los alcances del acuerdo reparatorio que firm\u00f3 el Gobierno de la Ciudad de M\u00e9xico con Grupo Carso.<\/p>\n\n\n\n<blockquote class=\"wp-block-quote is-layout-flow wp-block-quote-is-layout-flow\"><p>\u201cProcesalmente estamos perdiendo el tiempo, no hay raz\u00f3n para aplazar la audiencia por tanto tiempo\u201d, reproch\u00f3 Cristopher Estupi\u00f1an, representante legal de 20 v\u00edctimas del colapso del Metro, sin embargo, ante la omisi\u00f3n de proporcionarles el acuerdo, no qued\u00f3 otra opci\u00f3n.<\/p><\/blockquote>\n\n\n\n<p>Por su parte, Te\u00f3filo Guti\u00e9rrez, abogado que representa a otras 15 v\u00edctimas del accidente, refiri\u00f3 que con este juez no se logra ning\u00fan avance, pues seg\u00fan se\u00f1ala, cada vez que se tiene una audiencia es como empezar de cero para proteger a las empresas encargadas de la construcci\u00f3n de la l\u00ednea 12.<\/p>\n\n\n\n<p>En la anterior audiencia se lleg\u00f3 a un acuerdo entre el gobierno de la ciudad de M\u00e9xico y la empresa constructora por 800 millones de pesos, se le exigi\u00f3 a la fiscal\u00eda que exhibiera el acuerdo reparatorio al que lleg\u00f3, sin embargo la Fiscal\u00eda fue omisa al cumplir con este requerimiento, seg\u00fan Estupi\u00f1an.&nbsp;<\/p>\n\n\n\n<p>A las 09:15 horas de este viernes, el exdirector del Proyecto Metro, Enrique Horcasitas, lleg\u00f3 a la audiencia y antes de ingresar ley\u00f3 un comunicado en el que insisti\u00f3 en su no responsabilidad por el colapso de la L\u00ednea 12, asimismo empe\u00f1\u00f3 su palabra de fijar su postura al concluir la audiencia, sin embargo sali\u00f3 de las instalaciones del Poder Judicial de la Ciudad de M\u00e9xico sin dar declaraci\u00f3n alguna.&nbsp;&nbsp;<\/p>\n\n\n\n<p>Los abogados representantes de las personas afectadas, coincidieron en se\u00f1alar que existe un proceso plagado de corrupci\u00f3n y una falta de compromiso por parte de las autoridades del gobierno capitalino, para la indemnizaci\u00f3n de las v\u00edctimas.<\/p>\n","protected":false},"excerpt":{"rendered":"<p>La audiencia respecto al colapso de la l\u00ednea 12 del Sistema de Transporte Colectivo Metro se llevar\u00e1 a cabo hasta el 7 de marzo del 2022 por decisi\u00f3n del juez &hellip; <a href=\"https:\/\/a3noticias.com.mx\/sandbox\/2021\/12\/04\/audiencia-por-colapso-de-linea-12-es-aplazada-hasta-marzo-7-del-proximo-ano\/\" class=\"more-link\">Leer m\u00e1s<\/a><\/p>\n","protected":false},"author":2,"featured_media":17397,"comment_status":"open","ping_status":"open","sticky":false,"template":"","format":"standard","meta":{"_monsterinsights_skip_tracking":false,"_monsterinsights_sitenote_active":false,"_monsterinsights_sitenote_note":"","_monsterinsights_sitenote_category":0,"footnotes":""},"categories":[3],"tags":[],"class_list":["post-17396","post","type-post","status-publish","format-standard","has-post-thumbnail","hentry","category-nal","entry"],"aioseo_notices":[],"_links":{"self":[{"href":"https:\/\/a3noticias.com.mx\/sandbox\/wp-json\/wp\/v2\/posts\/17396","targetHints":{"allow":["GET"]}}],"collection":[{"href":"https:\/\/a3noticias.com.mx\/sandbox\/wp-json\/wp\/v2\/posts"}],"about":[{"href":"https:\/\/a3noticias.com.mx\/sandbox\/wp-json\/wp\/v2\/types\/post"}],"author":[{"embeddable":true,"href":"https:\/\/a3noticias.com.mx\/sandbox\/wp-json\/wp\/v2\/users\/2"}],"replies":[{"embeddable":true,"href":"https:\/\/a3noticias.com.mx\/sandbox\/wp-json\/wp\/v2\/comments?post=17396"}],"version-history":[{"count":1,"href":"https:\/\/a3noticias.com.mx\/sandbox\/wp-json\/wp\/v2\/posts\/17396\/revisions"}],"predecessor-version":[{"id":17398,"href":"https:\/\/a3noticias.com.mx\/sandbox\/wp-json\/wp\/v2\/posts\/17396\/revisions\/17398"}],"wp:featuredmedia":[{"embeddable":true,"href":"https:\/\/a3noticias.com.mx\/sandbox\/wp-json\/wp\/v2\/media\/17397"}],"wp:attachment":[{"href":"https:\/\/a3noticias.com.mx\/sandbox\/wp-json\/wp\/v2\/media?parent=17396"}],"wp:term":[{"taxonomy":"category","embeddable":true,"href":"https:\/\/a3noticias.com.mx\/sandbox\/wp-json\/wp\/v2\/categories?post=17396"},{"taxonomy":"post_tag","embeddable":true,"href":"https:\/\/a3noticias.com.mx\/sandbox\/wp-json\/wp\/v2\/tags?post=17396"}],"curies":[{"name":"wp","href":"https:\/\/api.w.org\/{rel}","templated":true}]}}