{"id":17406,"date":"2021-12-04T10:14:12","date_gmt":"2021-12-04T16:14:12","guid":{"rendered":"https:\/\/a3noticias.com.mx\/sandbox\/?p=17406"},"modified":"2021-12-04T10:14:13","modified_gmt":"2021-12-04T16:14:13","slug":"encienden-arbol-e-inauguran-bazar-navideno-en-corregidora","status":"publish","type":"post","link":"https:\/\/a3noticias.com.mx\/sandbox\/2021\/12\/04\/encienden-arbol-e-inauguran-bazar-navideno-en-corregidora\/","title":{"rendered":"Encienden \u00c1rbol e inauguran Bazar Navide\u00f1o en Corregidora"},"content":{"rendered":"\n<p>Roberto Sosa Pichardo, presidente municipal de Corregidora, y su esposa Karina Antu\u00f1ano Torres, presidenta del Sistema Municipal del Desarrollo Integral de la Familia (DIF), encendieron el \u00c1rbol de Navidad e inauguraron el Bazar Navide\u00f1o, que los ciudadanos podr\u00e1n disfrutar en el Jard\u00edn Principal de El Pueblito.<\/p>\n\n\n\n<p>En un ambiente familiar y de alegr\u00eda por parte de los presentes, el alcalde y su esposa encendieron el \u00c1rbol de Navidad del que podr\u00e1n disfrutar habitantes de la demarcaci\u00f3n y visitantes, durante la temporada decembrina, posteriormente inauguraron el Bazar Navide\u00f1o que realiza el Sistema DIF Municipal.<\/p>\n\n\n\n<p>Karina Antu\u00f1ano Torres expres\u00f3 a los presentes su benepl\u00e1cito por compartir el inicio de una \u00e9poca tan representativa como lo es la Navidad. Invit\u00f3 a las personas a disfrutar, en familia y con amigos, del \u00c1rbol de Navidad, del Bazar y de la exposici\u00f3n de artesan\u00edas; as\u00ed como adquirir productos hechos por manos artesanas del municipio.<\/p>\n\n\n\n<blockquote class=\"wp-block-quote is-style-large is-layout-flow wp-block-quote-is-layout-flow\"><p>\u201cQue el encendido del \u00c1rbol Navide\u00f1o, el Bazar y la exposici\u00f3n de artesan\u00edas sean un buen pretexto para acudir con la familia y amigos. Recordemos que el mejor de los regalos es la presencia de una familia unida y feliz, de una comunidad solidaria y de un pueblo respetuoso de sus tradiciones y costumbres\u201d, expres\u00f3 la Presidenta del DIF Municipal, Karina Antu\u00f1ano Torres.<\/p><\/blockquote>\n\n\n\n<p>El bazar, que permanecer\u00e1 del 3 al 5 de diciembre, en el horario de 10:00 de la ma\u00f1ana a 9:00 de la noche, est\u00e1 conformado por 70 stands, 60 de ellos con productos artesanales y 10 de venta de comida. El objetivo es promover la comercializaci\u00f3n de productos hechos por artesanos y productores locales.<\/p>\n","protected":false},"excerpt":{"rendered":"<p>Roberto Sosa Pichardo, presidente municipal de Corregidora, y su esposa Karina Antu\u00f1ano Torres, presidenta del Sistema Municipal del Desarrollo Integral de la Familia (DIF), encendieron el \u00c1rbol de Navidad e &hellip; <a href=\"https:\/\/a3noticias.com.mx\/sandbox\/2021\/12\/04\/encienden-arbol-e-inauguran-bazar-navideno-en-corregidora\/\" class=\"more-link\">Leer m\u00e1s<\/a><\/p>\n","protected":false},"author":4,"featured_media":17407,"comment_status":"open","ping_status":"open","sticky":false,"template":"","format":"standard","meta":{"_monsterinsights_skip_tracking":false,"_monsterinsights_sitenote_active":false,"_monsterinsights_sitenote_note":"","_monsterinsights_sitenote_category":0,"footnotes":""},"categories":[2],"tags":[],"class_list":["post-17406","post","type-post","status-publish","format-standard","has-post-thumbnail","hentry","category-qro","entry"],"aioseo_notices":[],"_links":{"self":[{"href":"https:\/\/a3noticias.com.mx\/sandbox\/wp-json\/wp\/v2\/posts\/17406","targetHints":{"allow":["GET"]}}],"collection":[{"href":"https:\/\/a3noticias.com.mx\/sandbox\/wp-json\/wp\/v2\/posts"}],"about":[{"href":"https:\/\/a3noticias.com.mx\/sandbox\/wp-json\/wp\/v2\/types\/post"}],"author":[{"embeddable":true,"href":"https:\/\/a3noticias.com.mx\/sandbox\/wp-json\/wp\/v2\/users\/4"}],"replies":[{"embeddable":true,"href":"https:\/\/a3noticias.com.mx\/sandbox\/wp-json\/wp\/v2\/comments?post=17406"}],"version-history":[{"count":1,"href":"https:\/\/a3noticias.com.mx\/sandbox\/wp-json\/wp\/v2\/posts\/17406\/revisions"}],"predecessor-version":[{"id":17408,"href":"https:\/\/a3noticias.com.mx\/sandbox\/wp-json\/wp\/v2\/posts\/17406\/revisions\/17408"}],"wp:featuredmedia":[{"embeddable":true,"href":"https:\/\/a3noticias.com.mx\/sandbox\/wp-json\/wp\/v2\/media\/17407"}],"wp:attachment":[{"href":"https:\/\/a3noticias.com.mx\/sandbox\/wp-json\/wp\/v2\/media?parent=17406"}],"wp:term":[{"taxonomy":"category","embeddable":true,"href":"https:\/\/a3noticias.com.mx\/sandbox\/wp-json\/wp\/v2\/categories?post=17406"},{"taxonomy":"post_tag","embeddable":true,"href":"https:\/\/a3noticias.com.mx\/sandbox\/wp-json\/wp\/v2\/tags?post=17406"}],"curies":[{"name":"wp","href":"https:\/\/api.w.org\/{rel}","templated":true}]}}