{"id":17415,"date":"2021-12-05T11:23:42","date_gmt":"2021-12-05T17:23:42","guid":{"rendered":"https:\/\/a3noticias.com.mx\/sandbox\/?p=17415"},"modified":"2021-12-05T11:23:43","modified_gmt":"2021-12-05T17:23:43","slug":"no-subira-tarifa-del-transporte-publico-en-2022","status":"publish","type":"post","link":"https:\/\/a3noticias.com.mx\/sandbox\/2021\/12\/05\/no-subira-tarifa-del-transporte-publico-en-2022\/","title":{"rendered":"No subir\u00e1 tarifa del transporte p\u00fablico en 2022"},"content":{"rendered":"\n<p>El Instituto Queretano del Transporte (IQT) descart\u00f3 un alza en el servicio para 2022; sin embargo, reconoci\u00f3 que existe el compromiso de la empresa M\u00f3vil-Qrob\u00fas de mantener el servicio.<\/p>\n\n\n\n<p>El titular de la dependencia, David S\u00e1nchez Padilla, asegur\u00f3 que se est\u00e1 buscando optimizar el servicio, aunque dijo, s\u00f3lo el 50% de los usuarios hacen uso actualmente de \u00e9ste, debido a la pandemia.<\/p>\n\n\n\n<blockquote class=\"wp-block-quote is-style-large is-layout-flow wp-block-quote-is-layout-flow\"><p>\u201cDe momento, no se contempla ninguna el alza en el transporte, no tengo solicitud respecto al incremento en la tarifa del transporte p\u00fablico\u201d, se\u00f1al\u00f3.<\/p><\/blockquote>\n\n\n\n<p>Apunt\u00f3 que actualmente s\u00f3lo 250 mil usuarios utilizan Qrob\u00fas, aunque en el momento m\u00e1s cr\u00edtico de la emergencia sanitaria, la cifra baj\u00f3 hasta 170 mil usuarios.&nbsp;<\/p>\n\n\n\n<blockquote class=\"wp-block-quote is-style-large is-layout-flow wp-block-quote-is-layout-flow\"><p>\u201cLo que es importante para nosotros es seguir creciendo y estar monitoreando, para que conforme incremente el aforo y las actividades regresan y la gente regresa a las calles, veremos c\u00f3mo va incrementando el tema del transporte\u201d, dijo.<\/p><\/blockquote>\n","protected":false},"excerpt":{"rendered":"<p>El Instituto Queretano del Transporte (IQT) descart\u00f3 un alza en el servicio para 2022; sin embargo, reconoci\u00f3 que existe el compromiso de la empresa M\u00f3vil-Qrob\u00fas de mantener el servicio. El &hellip; <a href=\"https:\/\/a3noticias.com.mx\/sandbox\/2021\/12\/05\/no-subira-tarifa-del-transporte-publico-en-2022\/\" class=\"more-link\">Leer m\u00e1s<\/a><\/p>\n","protected":false},"author":4,"featured_media":17326,"comment_status":"open","ping_status":"open","sticky":false,"template":"","format":"standard","meta":{"_monsterinsights_skip_tracking":false,"_monsterinsights_sitenote_active":false,"_monsterinsights_sitenote_note":"","_monsterinsights_sitenote_category":0,"footnotes":""},"categories":[2],"tags":[],"class_list":["post-17415","post","type-post","status-publish","format-standard","has-post-thumbnail","hentry","category-qro","entry"],"aioseo_notices":[],"_links":{"self":[{"href":"https:\/\/a3noticias.com.mx\/sandbox\/wp-json\/wp\/v2\/posts\/17415","targetHints":{"allow":["GET"]}}],"collection":[{"href":"https:\/\/a3noticias.com.mx\/sandbox\/wp-json\/wp\/v2\/posts"}],"about":[{"href":"https:\/\/a3noticias.com.mx\/sandbox\/wp-json\/wp\/v2\/types\/post"}],"author":[{"embeddable":true,"href":"https:\/\/a3noticias.com.mx\/sandbox\/wp-json\/wp\/v2\/users\/4"}],"replies":[{"embeddable":true,"href":"https:\/\/a3noticias.com.mx\/sandbox\/wp-json\/wp\/v2\/comments?post=17415"}],"version-history":[{"count":1,"href":"https:\/\/a3noticias.com.mx\/sandbox\/wp-json\/wp\/v2\/posts\/17415\/revisions"}],"predecessor-version":[{"id":17416,"href":"https:\/\/a3noticias.com.mx\/sandbox\/wp-json\/wp\/v2\/posts\/17415\/revisions\/17416"}],"wp:featuredmedia":[{"embeddable":true,"href":"https:\/\/a3noticias.com.mx\/sandbox\/wp-json\/wp\/v2\/media\/17326"}],"wp:attachment":[{"href":"https:\/\/a3noticias.com.mx\/sandbox\/wp-json\/wp\/v2\/media?parent=17415"}],"wp:term":[{"taxonomy":"category","embeddable":true,"href":"https:\/\/a3noticias.com.mx\/sandbox\/wp-json\/wp\/v2\/categories?post=17415"},{"taxonomy":"post_tag","embeddable":true,"href":"https:\/\/a3noticias.com.mx\/sandbox\/wp-json\/wp\/v2\/tags?post=17415"}],"curies":[{"name":"wp","href":"https:\/\/api.w.org\/{rel}","templated":true}]}}