{"id":17428,"date":"2021-12-05T14:04:08","date_gmt":"2021-12-05T20:04:08","guid":{"rendered":"https:\/\/a3noticias.com.mx\/sandbox\/?p=17428"},"modified":"2021-12-05T14:04:10","modified_gmt":"2021-12-05T20:04:10","slug":"5-de-diciembre-dia-mundial-del-suelo","status":"publish","type":"post","link":"https:\/\/a3noticias.com.mx\/sandbox\/2021\/12\/05\/5-de-diciembre-dia-mundial-del-suelo\/","title":{"rendered":"5 de diciembre: D\u00eda Mundial del Suelo."},"content":{"rendered":"\n<p>Con el objetivo de incentivar en la poblaci\u00f3n mundial una preocupaci\u00f3n por el cuidado y uso que le damos al suelo en materia de agricultura y en todas nuestras interacciones con el recurso en general., cada 5 de diciembre se conmemora el D\u00eda Mundial del Suelo.&nbsp;<\/p>\n\n\n\n<p>En el 2002, la Uni\u00f3n Internacional de Ciencias del Suelo (IUSS), recomend\u00f3 una jornada internacional para homenajear al suelo en el a\u00f1o 2002, posteriormente Tailanda reiter\u00f3 la propuesta y la FAO apoy\u00f3 la creaci\u00f3n del D\u00eda Mundial del Suelo en el marco de la Alianza Mundial por el Suelo. Finalmente fue en diciembre de 2013 cuando la propuesta fue aprobada por la Asamblea General de la ONU, y 2014 se convirti\u00f3 en el primer a\u00f1o de esta celebraci\u00f3n.<\/p>\n\n\n\n<p>Cada a\u00f1o la celebraci\u00f3n lleva a cabo una tem\u00e1tica con la intenci\u00f3n de concientizar, el lema de la campa\u00f1a del D\u00eda Mundial del Suelo para 2021 es: \u00abDetener la salinizaci\u00f3n de los suelos, aumentar su productividad\u00bb, pues la salinizaci\u00f3n es uno de los problemas m\u00e1s frecuentes del suelo sobre todo en las regiones m\u00e1s \u00e1ridas o semi\u00e1ridas. Y supone muchas dificultades para la agricultura, la seguridad alimentaria y la biodiversidad.<\/p>\n","protected":false},"excerpt":{"rendered":"<p>Con el objetivo de incentivar en la poblaci\u00f3n mundial una preocupaci\u00f3n por el cuidado y uso que le damos al suelo en materia de agricultura y en todas nuestras interacciones &hellip; <a href=\"https:\/\/a3noticias.com.mx\/sandbox\/2021\/12\/05\/5-de-diciembre-dia-mundial-del-suelo\/\" class=\"more-link\">Leer m\u00e1s<\/a><\/p>\n","protected":false},"author":2,"featured_media":17429,"comment_status":"open","ping_status":"open","sticky":false,"template":"","format":"standard","meta":{"_monsterinsights_skip_tracking":false,"_monsterinsights_sitenote_active":false,"_monsterinsights_sitenote_note":"","_monsterinsights_sitenote_category":0,"footnotes":""},"categories":[10],"tags":[],"class_list":["post-17428","post","type-post","status-publish","format-standard","has-post-thumbnail","hentry","category-ma","entry"],"aioseo_notices":[],"_links":{"self":[{"href":"https:\/\/a3noticias.com.mx\/sandbox\/wp-json\/wp\/v2\/posts\/17428","targetHints":{"allow":["GET"]}}],"collection":[{"href":"https:\/\/a3noticias.com.mx\/sandbox\/wp-json\/wp\/v2\/posts"}],"about":[{"href":"https:\/\/a3noticias.com.mx\/sandbox\/wp-json\/wp\/v2\/types\/post"}],"author":[{"embeddable":true,"href":"https:\/\/a3noticias.com.mx\/sandbox\/wp-json\/wp\/v2\/users\/2"}],"replies":[{"embeddable":true,"href":"https:\/\/a3noticias.com.mx\/sandbox\/wp-json\/wp\/v2\/comments?post=17428"}],"version-history":[{"count":1,"href":"https:\/\/a3noticias.com.mx\/sandbox\/wp-json\/wp\/v2\/posts\/17428\/revisions"}],"predecessor-version":[{"id":17430,"href":"https:\/\/a3noticias.com.mx\/sandbox\/wp-json\/wp\/v2\/posts\/17428\/revisions\/17430"}],"wp:featuredmedia":[{"embeddable":true,"href":"https:\/\/a3noticias.com.mx\/sandbox\/wp-json\/wp\/v2\/media\/17429"}],"wp:attachment":[{"href":"https:\/\/a3noticias.com.mx\/sandbox\/wp-json\/wp\/v2\/media?parent=17428"}],"wp:term":[{"taxonomy":"category","embeddable":true,"href":"https:\/\/a3noticias.com.mx\/sandbox\/wp-json\/wp\/v2\/categories?post=17428"},{"taxonomy":"post_tag","embeddable":true,"href":"https:\/\/a3noticias.com.mx\/sandbox\/wp-json\/wp\/v2\/tags?post=17428"}],"curies":[{"name":"wp","href":"https:\/\/api.w.org\/{rel}","templated":true}]}}