{"id":17431,"date":"2021-12-05T22:31:16","date_gmt":"2021-12-06T04:31:16","guid":{"rendered":"https:\/\/a3noticias.com.mx\/sandbox\/?p=17431"},"modified":"2021-12-05T22:31:18","modified_gmt":"2021-12-06T04:31:18","slug":"ante-omicron-llama-voceria-a-elevar-el-nivel-de-concentracion-en-la-prevencion","status":"publish","type":"post","link":"https:\/\/a3noticias.com.mx\/sandbox\/2021\/12\/05\/ante-omicron-llama-voceria-a-elevar-el-nivel-de-concentracion-en-la-prevencion\/","title":{"rendered":"Ante \u00d3micron, llama Vocer\u00eda a elevar el nivel de concentraci\u00f3n en la prevenci\u00f3n"},"content":{"rendered":"\n<p>El vocero Organizacional, Erick Ventura, inform\u00f3 que tras darse a conocer la presencia en M\u00e9xico de la variante \u00d3micron del virus causante de COVID-19, las medidas m\u00e1s efectivas para combatirla continuar\u00e1n siendo la sana distancia, el uso adecuado y permanente del cubreboca, lavado de manos, ventilaci\u00f3n de espacios,&nbsp;&nbsp;evitar aglomeraciones y reuniones muy concurridas; adem\u00e1s de acceder al cuadro completo de vacunas para frenar las mutaciones del virus que producen nuevas variantes.<\/p>\n\n\n\n<p>Puntualiz\u00f3 que este gobierno cuenta con la capacidad y los recursos necesarios para seguir enfrentando al virus, as\u00ed como para brindar atenci\u00f3n a quienes as\u00ed lo requieran. En este tenor, se\u00f1al\u00f3 que los sistemas de rastreo y las pruebas aplicadas en Quer\u00e9taro han sido, hasta ahora, eficaces en detectar las variantes; sin embargo, llam\u00f3 a no confiarse frente a la variante, pues a\u00fan se desconocen aspectos como su grado de contagio, el nivel de enfermedad que es capaz de generar y qu\u00e9 tan resistente es a las vacunas.&nbsp;<\/p>\n\n\n\n<p>Agreg\u00f3 que el Comit\u00e9 T\u00e9cnico de Atenci\u00f3n a COVID-19 contin\u00faa con el monitoreo de la enfermedad, a fin de compartir la informaci\u00f3n que se genere y medir el impacto del actual escenario, que la semana pasada present\u00f3 una nueva disminuci\u00f3n en los \u00edndices de positividad.<\/p>\n\n\n\n<blockquote class=\"wp-block-quote is-style-large is-layout-flow wp-block-quote-is-layout-flow\"><p>\u201cSabemos que el actual escenario, que tiene una mayor opci\u00f3n de movilidad, pudiera orillarte a bajar la guardia y relajarte. Por favor, \u00a1NO lo permitas!\u201d, apunt\u00f3.<\/p><\/blockquote>\n\n\n\n<p>El Vocero comparti\u00f3 que actualmente, en el mundo y en Quer\u00e9taro, las principales fuentes de contagio son las reuniones familiares y sociales.<\/p>\n\n\n\n<p>En otro tema, indic\u00f3 que se encuentra abierto un periodo de vacunaci\u00f3n para rezagados, vigente hasta el 17 de diciembre o hasta que la Secretar\u00eda de Bienestar lo informe, y record\u00f3 que la aplicaci\u00f3n de la primera dosis para adolescentes entre 15 y 17 a\u00f1os ya dio inicio; a\u00f1adi\u00f3 que en las sedes para vacunar a los adolescentes se contar\u00e1 con un m\u00f3dulo para rezagados, con excepci\u00f3n de los municipios de la 1a&nbsp;&nbsp;jurisdicci\u00f3n sanitaria.<\/p>\n\n\n\n<p>Tras hacer un llamado a \u201cpensar en los dem\u00e1s y ser solidarios\u201d, para que acudan a vacunarse quienes todav\u00eda no lo han hecho, enfatiz\u00f3 que en el estado se han aplicado m\u00e1s de 2.8 millones de vacunas, por lo que pronto se podr\u00eda llegar a la meta de vacunaci\u00f3n para Quer\u00e9taro.&nbsp;<\/p>\n\n\n\n<p>Finalmente convoc\u00f3 a permanecer atentos y enfocados, \u201cCu\u00eddate y cuida a los tuyos, juntos, saldremos adelante\u201d, concluy\u00f3.<\/p>\n\n\n\n<figure class=\"wp-block-embed-youtube wp-block-embed is-type-video is-provider-youtube wp-embed-aspect-16-9 wp-has-aspect-ratio\"><div class=\"wp-block-embed__wrapper\">\n<iframe loading=\"lazy\" title=\"Mensaje de la Vocer\u00eda Organizacional, 5 de diciembre\" width=\"1170\" height=\"658\" src=\"https:\/\/www.youtube.com\/embed\/2IVg1wF1YDI?feature=oembed\" frameborder=\"0\" allow=\"accelerometer; autoplay; clipboard-write; encrypted-media; gyroscope; picture-in-picture\" allowfullscreen><\/iframe>\n<\/div><\/figure>\n","protected":false},"excerpt":{"rendered":"<p>El vocero Organizacional, Erick Ventura, inform\u00f3 que tras darse a conocer la presencia en M\u00e9xico de la variante \u00d3micron del virus causante de COVID-19, las medidas m\u00e1s efectivas para combatirla &hellip; <a href=\"https:\/\/a3noticias.com.mx\/sandbox\/2021\/12\/05\/ante-omicron-llama-voceria-a-elevar-el-nivel-de-concentracion-en-la-prevencion\/\" class=\"more-link\">Leer m\u00e1s<\/a><\/p>\n","protected":false},"author":4,"featured_media":17117,"comment_status":"open","ping_status":"open","sticky":false,"template":"","format":"standard","meta":{"_monsterinsights_skip_tracking":false,"_monsterinsights_sitenote_active":false,"_monsterinsights_sitenote_note":"","_monsterinsights_sitenote_category":0,"footnotes":""},"categories":[2],"tags":[],"class_list":["post-17431","post","type-post","status-publish","format-standard","has-post-thumbnail","hentry","category-qro","entry"],"aioseo_notices":[],"_links":{"self":[{"href":"https:\/\/a3noticias.com.mx\/sandbox\/wp-json\/wp\/v2\/posts\/17431","targetHints":{"allow":["GET"]}}],"collection":[{"href":"https:\/\/a3noticias.com.mx\/sandbox\/wp-json\/wp\/v2\/posts"}],"about":[{"href":"https:\/\/a3noticias.com.mx\/sandbox\/wp-json\/wp\/v2\/types\/post"}],"author":[{"embeddable":true,"href":"https:\/\/a3noticias.com.mx\/sandbox\/wp-json\/wp\/v2\/users\/4"}],"replies":[{"embeddable":true,"href":"https:\/\/a3noticias.com.mx\/sandbox\/wp-json\/wp\/v2\/comments?post=17431"}],"version-history":[{"count":1,"href":"https:\/\/a3noticias.com.mx\/sandbox\/wp-json\/wp\/v2\/posts\/17431\/revisions"}],"predecessor-version":[{"id":17432,"href":"https:\/\/a3noticias.com.mx\/sandbox\/wp-json\/wp\/v2\/posts\/17431\/revisions\/17432"}],"wp:featuredmedia":[{"embeddable":true,"href":"https:\/\/a3noticias.com.mx\/sandbox\/wp-json\/wp\/v2\/media\/17117"}],"wp:attachment":[{"href":"https:\/\/a3noticias.com.mx\/sandbox\/wp-json\/wp\/v2\/media?parent=17431"}],"wp:term":[{"taxonomy":"category","embeddable":true,"href":"https:\/\/a3noticias.com.mx\/sandbox\/wp-json\/wp\/v2\/categories?post=17431"},{"taxonomy":"post_tag","embeddable":true,"href":"https:\/\/a3noticias.com.mx\/sandbox\/wp-json\/wp\/v2\/tags?post=17431"}],"curies":[{"name":"wp","href":"https:\/\/api.w.org\/{rel}","templated":true}]}}