{"id":17436,"date":"2021-12-06T11:26:07","date_gmt":"2021-12-06T17:26:07","guid":{"rendered":"https:\/\/a3noticias.com.mx\/sandbox\/?p=17436"},"modified":"2021-12-06T11:26:09","modified_gmt":"2021-12-06T17:26:09","slug":"juntos-adelante-por-la-navidad-que-queremos-2021","status":"publish","type":"post","link":"https:\/\/a3noticias.com.mx\/sandbox\/2021\/12\/06\/juntos-adelante-por-la-navidad-que-queremos-2021\/","title":{"rendered":"\u00abJuntos Adelante por la Navidad que Queremos 2021\u00bb"},"content":{"rendered":"\n<p>Ser\u00e1 el pr\u00f3ximo lunes 13 de diciembre cuando se inauguren la Arcada Navide\u00f1a, la Pista de Hielo en el Jard\u00edn Guerrero, el \u00e1rbol monumental, el programa de eventos en diciembre en las principales calles, plazas y andadores de la ciudad, as\u00ed como en las delegaciones y municipios, as\u00ed lo dio a conocer la Secretaria de Turismo, Mariela Mor\u00e1n Ocampo en la presentaci\u00f3n de \u201cJuntos Adelante por la Navidad que Queremos 2021\u201d<\/p>\n\n\n\n<p>De acuerdo con Mor\u00e1n Ocampo, la Arcada Navide\u00f1a tendr\u00e1 una longitud de 144 metros, contar\u00e1 con espect\u00e1culos musicales y estar\u00e1 colocada en Madero, entre Ju\u00e1rez y Allende; mientras que el \u00e1rbol monumental se instalar\u00e1 en Plaza Constituci\u00f3n; la fachada de Palacio de Gobierno ser\u00e1 iluminada y la fuente y la jardiner\u00eda de Plaza de Armas contar\u00e1 con una ambientaci\u00f3n navide\u00f1a.<\/p>\n\n\n\n<p>&nbsp;Adicional a esto, los andadores de Vergara, 5 de Mayo, Libertad y 16 de septiembre tendr\u00e1n una iluminaci\u00f3n especial y ambientaci\u00f3n navide\u00f1a. En la fachada de la iglesia de Santa Rosa de Viterbo se proyectar\u00e1 un video mapping todos los d\u00edas de 7 de la tarde a 10 de la noche, cada media hora. As\u00ed como por primera vez algunos municipios, sumados a estas celebraciones, contar\u00e1n con iluminaci\u00f3n en su plaza principal.<\/p>\n\n\n\n<blockquote class=\"wp-block-quote is-layout-flow wp-block-quote-is-layout-flow\"><p>\u201cPor primera vez y con instrucciones del gobernador Mauricio Kuri, con su apoyo, la Secretar\u00eda de Turismo del Estado est\u00e1 apoyando para que Tequisquiapan, Bernal, la cabecera municipal de Ezequiel Montes, San Joaqu\u00edn, Amealco y Cadereyta cuenten con iluminaci\u00f3n en su plaza principal\u201d<\/p><\/blockquote>\n\n\n\n<p>Por su parte, municipio de Quer\u00e9taro, anunci\u00f3 que este a\u00f1o regresa la pista de hielo en el Jard\u00edn Guerrero, todos los d\u00edas en un horario de 10 de la ma\u00f1ana a 10 de la noche; mientras que los d\u00edas 24, 25 y 31 de diciembre, as\u00ed como el 1 de enero el horario de servicio ser\u00e1 de 11 de la ma\u00f1ana a 6 de la tarde.&nbsp;<\/p>\n\n\n\n<p>Lo anterior estar\u00e1&nbsp; instalado desde el&nbsp; 13 de diciembre, hasta el 16 de enero.&nbsp;<\/p>\n\n\n\n<p>Para el periodo de vacaciones contemplando del 20 de diciembre al dos de enero, en el estado de Quer\u00e9taro se espera la llegada de 64 mil 800 turistas hospedados en hotel, una derrama de 600 millones de pesos, as\u00ed como una ocupaci\u00f3n hotelera promedio de entre el 45 y 50 por ciento. Mientras que solo en la capital, se espera una afluencia de 55 mil turistas, una ocupaci\u00f3n entre un 45 y 50 por ciento y una derrama econ\u00f3mica de 300 millones de pesos. Las autoridades llamaron a los ciudadanos a ser responsables y respetar los protocolos establecidos.&nbsp;<\/p>\n","protected":false},"excerpt":{"rendered":"<p>Ser\u00e1 el pr\u00f3ximo lunes 13 de diciembre cuando se inauguren la Arcada Navide\u00f1a, la Pista de Hielo en el Jard\u00edn Guerrero, el \u00e1rbol monumental, el programa de eventos en diciembre &hellip; <a href=\"https:\/\/a3noticias.com.mx\/sandbox\/2021\/12\/06\/juntos-adelante-por-la-navidad-que-queremos-2021\/\" class=\"more-link\">Leer m\u00e1s<\/a><\/p>\n","protected":false},"author":2,"featured_media":17437,"comment_status":"open","ping_status":"open","sticky":false,"template":"","format":"standard","meta":{"_monsterinsights_skip_tracking":false,"_monsterinsights_sitenote_active":false,"_monsterinsights_sitenote_note":"","_monsterinsights_sitenote_category":0,"footnotes":""},"categories":[2],"tags":[],"class_list":["post-17436","post","type-post","status-publish","format-standard","has-post-thumbnail","hentry","category-qro","entry"],"aioseo_notices":[],"_links":{"self":[{"href":"https:\/\/a3noticias.com.mx\/sandbox\/wp-json\/wp\/v2\/posts\/17436","targetHints":{"allow":["GET"]}}],"collection":[{"href":"https:\/\/a3noticias.com.mx\/sandbox\/wp-json\/wp\/v2\/posts"}],"about":[{"href":"https:\/\/a3noticias.com.mx\/sandbox\/wp-json\/wp\/v2\/types\/post"}],"author":[{"embeddable":true,"href":"https:\/\/a3noticias.com.mx\/sandbox\/wp-json\/wp\/v2\/users\/2"}],"replies":[{"embeddable":true,"href":"https:\/\/a3noticias.com.mx\/sandbox\/wp-json\/wp\/v2\/comments?post=17436"}],"version-history":[{"count":1,"href":"https:\/\/a3noticias.com.mx\/sandbox\/wp-json\/wp\/v2\/posts\/17436\/revisions"}],"predecessor-version":[{"id":17438,"href":"https:\/\/a3noticias.com.mx\/sandbox\/wp-json\/wp\/v2\/posts\/17436\/revisions\/17438"}],"wp:featuredmedia":[{"embeddable":true,"href":"https:\/\/a3noticias.com.mx\/sandbox\/wp-json\/wp\/v2\/media\/17437"}],"wp:attachment":[{"href":"https:\/\/a3noticias.com.mx\/sandbox\/wp-json\/wp\/v2\/media?parent=17436"}],"wp:term":[{"taxonomy":"category","embeddable":true,"href":"https:\/\/a3noticias.com.mx\/sandbox\/wp-json\/wp\/v2\/categories?post=17436"},{"taxonomy":"post_tag","embeddable":true,"href":"https:\/\/a3noticias.com.mx\/sandbox\/wp-json\/wp\/v2\/tags?post=17436"}],"curies":[{"name":"wp","href":"https:\/\/api.w.org\/{rel}","templated":true}]}}