{"id":17454,"date":"2021-12-07T09:48:41","date_gmt":"2021-12-07T15:48:41","guid":{"rendered":"https:\/\/a3noticias.com.mx\/sandbox\/?p=17454"},"modified":"2021-12-07T09:48:44","modified_gmt":"2021-12-07T15:48:44","slug":"460-escuelas-de-educacion-basica-regresaran-presencialmente-a-las-aulas-a-partir-de-enero","status":"publish","type":"post","link":"https:\/\/a3noticias.com.mx\/sandbox\/2021\/12\/07\/460-escuelas-de-educacion-basica-regresaran-presencialmente-a-las-aulas-a-partir-de-enero\/","title":{"rendered":"460 escuelas de educaci\u00f3n b\u00e1sica regresar\u00e1n presencialmente a las aulas a partir de enero."},"content":{"rendered":"\n<p>El pr\u00f3ximo a\u00f1o regresar\u00e1n a las aulas de manera presencial, alumnos pertenecientes a 460 escuelas de educaci\u00f3n b\u00e1sica en la entidad, asegur\u00f3 Martha Elena Soto, Secretaria de Educaci\u00f3n estatal.<\/p>\n\n\n\n<p>La funcionaria detall\u00f3 que el regreso a clases presenciales no ha sido un detonante para el incremento de casos de Covid-19 en el estado, pues cuando se han presentado posibles casos estos han sido detectados en los filtros escolares a tiempo.<\/p>\n\n\n\n<blockquote class=\"wp-block-quote is-layout-flow wp-block-quote-is-layout-flow\"><p>\u201cEl retorno a las aulas no ha sido motivo para el repunte absolutamente de la pandemia\u201d, recalc\u00f3.<\/p><\/blockquote>\n\n\n\n<p>Puntualiz\u00f3 que las 460 escuelas que volver\u00e1n en formato presencial el siguiente a\u00f1o, fueron intervenidas por deterioro provocado por el cierre total de \u00e9stas&nbsp; durante la pandemia.<\/p>\n\n\n\n<p>El plazo para entregar las escuelas intervenidas vence el 31 de diciembre, por lo que el regreso presencial a las aulas se prev\u00e9 a partir de enero.<\/p>\n\n\n\n<blockquote class=\"wp-block-quote is-layout-flow wp-block-quote-is-layout-flow\"><p>\u201cHay muchas escuelas que despu\u00e9s de un a\u00f1o y ocho meses de estar cerradas tienen el problema del pasto crecido, de un vidrio roto, de luz o agua y es como se anunci\u00f3 que iban a ser habilitadas, que estar\u00e1 terminando el 31 de diciembre. Ya se est\u00e1 trabajando para que esas escuelas sean las mismas que puedan regresar al aula a partir de enero\u201c, apunt\u00f3.<\/p><\/blockquote>\n\n\n\n<p>Coment\u00f3 que desde que inici\u00f3 el regreso a clases presenciales en los planteles de la entidad, se han detectado m\u00e1s de 400 personas con posibles s\u00edntomas de Covid, pero es que estos han sido detectados en tiempo gracias a los filtros sanitarios. Asimismo inform\u00f3 que hasta el momento, solo se han registrado dos brotes de Covid-19 en escuelas de educaci\u00f3n b\u00e1sica.<\/p>\n","protected":false},"excerpt":{"rendered":"<p>El pr\u00f3ximo a\u00f1o regresar\u00e1n a las aulas de manera presencial, alumnos pertenecientes a 460 escuelas de educaci\u00f3n b\u00e1sica en la entidad, asegur\u00f3 Martha Elena Soto, Secretaria de Educaci\u00f3n estatal. La &hellip; <a href=\"https:\/\/a3noticias.com.mx\/sandbox\/2021\/12\/07\/460-escuelas-de-educacion-basica-regresaran-presencialmente-a-las-aulas-a-partir-de-enero\/\" class=\"more-link\">Leer m\u00e1s<\/a><\/p>\n","protected":false},"author":4,"featured_media":17455,"comment_status":"open","ping_status":"open","sticky":false,"template":"","format":"standard","meta":{"_monsterinsights_skip_tracking":false,"_monsterinsights_sitenote_active":false,"_monsterinsights_sitenote_note":"","_monsterinsights_sitenote_category":0,"footnotes":""},"categories":[2],"tags":[],"class_list":["post-17454","post","type-post","status-publish","format-standard","has-post-thumbnail","hentry","category-qro","entry"],"aioseo_notices":[],"_links":{"self":[{"href":"https:\/\/a3noticias.com.mx\/sandbox\/wp-json\/wp\/v2\/posts\/17454","targetHints":{"allow":["GET"]}}],"collection":[{"href":"https:\/\/a3noticias.com.mx\/sandbox\/wp-json\/wp\/v2\/posts"}],"about":[{"href":"https:\/\/a3noticias.com.mx\/sandbox\/wp-json\/wp\/v2\/types\/post"}],"author":[{"embeddable":true,"href":"https:\/\/a3noticias.com.mx\/sandbox\/wp-json\/wp\/v2\/users\/4"}],"replies":[{"embeddable":true,"href":"https:\/\/a3noticias.com.mx\/sandbox\/wp-json\/wp\/v2\/comments?post=17454"}],"version-history":[{"count":1,"href":"https:\/\/a3noticias.com.mx\/sandbox\/wp-json\/wp\/v2\/posts\/17454\/revisions"}],"predecessor-version":[{"id":17456,"href":"https:\/\/a3noticias.com.mx\/sandbox\/wp-json\/wp\/v2\/posts\/17454\/revisions\/17456"}],"wp:featuredmedia":[{"embeddable":true,"href":"https:\/\/a3noticias.com.mx\/sandbox\/wp-json\/wp\/v2\/media\/17455"}],"wp:attachment":[{"href":"https:\/\/a3noticias.com.mx\/sandbox\/wp-json\/wp\/v2\/media?parent=17454"}],"wp:term":[{"taxonomy":"category","embeddable":true,"href":"https:\/\/a3noticias.com.mx\/sandbox\/wp-json\/wp\/v2\/categories?post=17454"},{"taxonomy":"post_tag","embeddable":true,"href":"https:\/\/a3noticias.com.mx\/sandbox\/wp-json\/wp\/v2\/tags?post=17454"}],"curies":[{"name":"wp","href":"https:\/\/api.w.org\/{rel}","templated":true}]}}