{"id":17457,"date":"2021-12-07T11:28:20","date_gmt":"2021-12-07T17:28:20","guid":{"rendered":"https:\/\/a3noticias.com.mx\/sandbox\/?p=17457"},"modified":"2021-12-07T11:28:23","modified_gmt":"2021-12-07T17:28:23","slug":"queretaro-tendra-fotomultas-kuri","status":"publish","type":"post","link":"https:\/\/a3noticias.com.mx\/sandbox\/2021\/12\/07\/queretaro-tendra-fotomultas-kuri\/","title":{"rendered":"Quer\u00e9taro tendr\u00e1 fotomultas: Kuri"},"content":{"rendered":"\n<p>El Gobernador del estado, Mauricio Kuri Gonz\u00e1lez, anunci\u00f3 que a partir del siguiente a\u00f1o podr\u00eda haber fotomultas en la entidad, a fin de reducir los accidentes viales provocados por el exceso de velocidad.<\/p>\n\n\n\n<p>Se\u00f1al\u00f3 que tan solo este fin de semana, cinco personas perdieron la vida en accidentes vehiculares, por lo que calific\u00f3 el hecho como una llamada de atenci\u00f3n.<\/p>\n\n\n\n<blockquote class=\"wp-block-quote is-layout-flow wp-block-quote-is-layout-flow\"><p>\u201cTenemos que reforzar mucho esta parte, estamos pensando incluso en poner ya fotomultas por apostarle fuerte a esta parte, ser muy duros con aquellos que est\u00e1n ya sea tomando o en exceso de velocidad\u201d, apunt\u00f3 Kuri Gonz\u00e1lez.<\/p><\/blockquote>\n\n\n\n<p>Para su determinar los puntos donde estar\u00edan colocados los dispositivos de fotomulta, la Secretar\u00eda de Seguridad Ciudadana llevar\u00e1 a cabo un estudio que determine las vialidades m\u00e1s concurridas y con mayor \u00edndice de percances viales.<\/p>\n\n\n\n<blockquote class=\"wp-block-quote is-layout-flow wp-block-quote-is-layout-flow\"><p>\u00abYa es una iniciativa formal de un servidor, en las vialidades que tiene mayor tendencia a tener accidentes, por ejemplo la que va por el Refugio esta terrible la cantidad de accidentes que hay por esa zona y se tendr\u00eda que hacer un estudio por parte de la Secretar\u00eda de Seguridad\u00bb, coment\u00f3.<\/p><\/blockquote>\n\n\n\n<p>Con respecto a que esta propuesta ya hab\u00eda sido expuesta con anterioridad por el exalcalde Marcos Aguilar Vega y descartada tiempo despu\u00e9s debido a la molestia social que provoc\u00f3, asent\u00f3 que es necesario crear una conciencia vial en la ciudadan\u00eda.<\/p>\n\n\n\n<blockquote class=\"wp-block-quote is-layout-flow wp-block-quote-is-layout-flow\"><p>\u201cCreo que ya los tiempos est\u00e1n cambiando, lo que est\u00e1 sucediendo en temas como los accidentes que hubo este fin de semana fue terrible y creo que es importante que la gente tenga una conciencia en la movilidad porque ponen en riesgo su vida y la de los dem\u00e1s\u201d asever\u00f3.<\/p><\/blockquote>\n","protected":false},"excerpt":{"rendered":"<p>El Gobernador del estado, Mauricio Kuri Gonz\u00e1lez, anunci\u00f3 que a partir del siguiente a\u00f1o podr\u00eda haber fotomultas en la entidad, a fin de reducir los accidentes viales provocados por el &hellip; <a href=\"https:\/\/a3noticias.com.mx\/sandbox\/2021\/12\/07\/queretaro-tendra-fotomultas-kuri\/\" class=\"more-link\">Leer m\u00e1s<\/a><\/p>\n","protected":false},"author":4,"featured_media":17458,"comment_status":"open","ping_status":"open","sticky":false,"template":"","format":"standard","meta":{"_monsterinsights_skip_tracking":false,"_monsterinsights_sitenote_active":false,"_monsterinsights_sitenote_note":"","_monsterinsights_sitenote_category":0,"footnotes":""},"categories":[2],"tags":[],"class_list":["post-17457","post","type-post","status-publish","format-standard","has-post-thumbnail","hentry","category-qro","entry"],"aioseo_notices":[],"_links":{"self":[{"href":"https:\/\/a3noticias.com.mx\/sandbox\/wp-json\/wp\/v2\/posts\/17457","targetHints":{"allow":["GET"]}}],"collection":[{"href":"https:\/\/a3noticias.com.mx\/sandbox\/wp-json\/wp\/v2\/posts"}],"about":[{"href":"https:\/\/a3noticias.com.mx\/sandbox\/wp-json\/wp\/v2\/types\/post"}],"author":[{"embeddable":true,"href":"https:\/\/a3noticias.com.mx\/sandbox\/wp-json\/wp\/v2\/users\/4"}],"replies":[{"embeddable":true,"href":"https:\/\/a3noticias.com.mx\/sandbox\/wp-json\/wp\/v2\/comments?post=17457"}],"version-history":[{"count":1,"href":"https:\/\/a3noticias.com.mx\/sandbox\/wp-json\/wp\/v2\/posts\/17457\/revisions"}],"predecessor-version":[{"id":17459,"href":"https:\/\/a3noticias.com.mx\/sandbox\/wp-json\/wp\/v2\/posts\/17457\/revisions\/17459"}],"wp:featuredmedia":[{"embeddable":true,"href":"https:\/\/a3noticias.com.mx\/sandbox\/wp-json\/wp\/v2\/media\/17458"}],"wp:attachment":[{"href":"https:\/\/a3noticias.com.mx\/sandbox\/wp-json\/wp\/v2\/media?parent=17457"}],"wp:term":[{"taxonomy":"category","embeddable":true,"href":"https:\/\/a3noticias.com.mx\/sandbox\/wp-json\/wp\/v2\/categories?post=17457"},{"taxonomy":"post_tag","embeddable":true,"href":"https:\/\/a3noticias.com.mx\/sandbox\/wp-json\/wp\/v2\/tags?post=17457"}],"curies":[{"name":"wp","href":"https:\/\/api.w.org\/{rel}","templated":true}]}}