{"id":17461,"date":"2021-12-07T14:35:07","date_gmt":"2021-12-07T20:35:07","guid":{"rendered":"https:\/\/a3noticias.com.mx\/sandbox\/?p=17461"},"modified":"2021-12-07T14:35:09","modified_gmt":"2021-12-07T20:35:09","slug":"amlo-recibe-tercera-dosis-anticovid-empieza-la-vacunacion-de-refuerzos-en-5-estados-de-la-republica","status":"publish","type":"post","link":"https:\/\/a3noticias.com.mx\/sandbox\/2021\/12\/07\/amlo-recibe-tercera-dosis-anticovid-empieza-la-vacunacion-de-refuerzos-en-5-estados-de-la-republica\/","title":{"rendered":"AMLO recibe tercera dosis anticovid; empieza la vacunaci\u00f3n de refuerzos en 5 estados de la Rep\u00fablica."},"content":{"rendered":"\n<p>Esta ma\u00f1ana el presidente Andr\u00e9s Manuel L\u00f3pez Obrador fue vacunado con una dosis de refuerzo contra el Covid-19, con lo que oficialmente se abre la aplicaci\u00f3n de refuerzos anticovid para los adultos mayores de 60 a\u00f1os en adelante, en la capital mexicana y en cinco estados de la Rep\u00fablica.<\/p>\n\n\n\n<p>Al finalizar la conferencia matutina llevada a cabo en Zapopan, Jalisco, AMLO y parte de su gabinete, fueron inoculados con una dosis de la vacuna AstraZeneca como parte del anuncio de que a partir de este martes arranc\u00f3 la campa\u00f1a de vacunas de refuerzo para adultos mayores.<\/p>\n\n\n\n<p>El subsecretario de salud Hugo L\u00f3pez-Gatell, dio a conocer las entidades que a partir de este martes empezaron la aplicaci\u00f3n de dosis de refuerzo en personas de 60 a\u00f1os en adelante, estos son: Ciudad de M\u00e9xico, Jalisco, Chiapas, Oaxaca, Sinaloa y Yucat\u00e1n.<\/p>\n\n\n\n<p>L\u00f3pez-Gatell se\u00f1al\u00f3 que en todos los casos se est\u00e1 inmunizando con la vacuna AstraZeneca, pues con anterioridad el presidente de la Rep\u00fablica hab\u00eda comentado que los biol\u00f3gicos de la farmac\u00e9utica Pfizer ser\u00edan utilizados \u00fanicamente para los j\u00f3venes de entre 15 a 17 a\u00f1os, pues es la \u00fanica vacuna autorizada para su aplicaci\u00f3n en este rango de edad.<\/p>\n\n\n\n<p>Asimismo, puntualiz\u00f3 que las dosis de refuerzo ser\u00e1n \u00fanicamente para los grupos vulnerables y que no existe contraindicaci\u00f3n con respecto a la inmunizaci\u00f3n con diferentes biol\u00f3gicos, siempre y cuando hayan transcurrido seis meses desde la \u00faltima aplicaci\u00f3n; detall\u00f3 que en caso que sean menos meses, los interesados deber\u00e1n esperar a cumplir los seis meses para inocularse con la tercera dosis.<\/p>\n\n\n\n<blockquote class=\"wp-block-quote is-layout-flow wp-block-quote-is-layout-flow\"><p>\u201cLos refuerzos deben enfocarse a grupos vulnerables. No existe evidencia para aplicar refuerzo generalizada\u201d.<\/p><\/blockquote>\n\n\n\n<p>Para quienes deseen aplicarse el refuerzo de la vacuna contra el Covid-19, no ser\u00e1 necesario registrarse nuevamente, solo deber\u00e1n presentarse en la sede correspondiente con su INE que acredita que el interesado es mayor de 60 a\u00f1os, as\u00ed como un comprobante de domicilio y les ser\u00e1 entregado un comprobante de vacunaci\u00f3n ah\u00ed mismo.<\/p>\n","protected":false},"excerpt":{"rendered":"<p>Esta ma\u00f1ana el presidente Andr\u00e9s Manuel L\u00f3pez Obrador fue vacunado con una dosis de refuerzo contra el Covid-19, con lo que oficialmente se abre la aplicaci\u00f3n de refuerzos anticovid para &hellip; <a href=\"https:\/\/a3noticias.com.mx\/sandbox\/2021\/12\/07\/amlo-recibe-tercera-dosis-anticovid-empieza-la-vacunacion-de-refuerzos-en-5-estados-de-la-republica\/\" class=\"more-link\">Leer m\u00e1s<\/a><\/p>\n","protected":false},"author":4,"featured_media":17462,"comment_status":"open","ping_status":"open","sticky":false,"template":"","format":"standard","meta":{"_monsterinsights_skip_tracking":false,"_monsterinsights_sitenote_active":false,"_monsterinsights_sitenote_note":"","_monsterinsights_sitenote_category":0,"footnotes":""},"categories":[3],"tags":[],"class_list":["post-17461","post","type-post","status-publish","format-standard","has-post-thumbnail","hentry","category-nal","entry"],"aioseo_notices":[],"_links":{"self":[{"href":"https:\/\/a3noticias.com.mx\/sandbox\/wp-json\/wp\/v2\/posts\/17461","targetHints":{"allow":["GET"]}}],"collection":[{"href":"https:\/\/a3noticias.com.mx\/sandbox\/wp-json\/wp\/v2\/posts"}],"about":[{"href":"https:\/\/a3noticias.com.mx\/sandbox\/wp-json\/wp\/v2\/types\/post"}],"author":[{"embeddable":true,"href":"https:\/\/a3noticias.com.mx\/sandbox\/wp-json\/wp\/v2\/users\/4"}],"replies":[{"embeddable":true,"href":"https:\/\/a3noticias.com.mx\/sandbox\/wp-json\/wp\/v2\/comments?post=17461"}],"version-history":[{"count":1,"href":"https:\/\/a3noticias.com.mx\/sandbox\/wp-json\/wp\/v2\/posts\/17461\/revisions"}],"predecessor-version":[{"id":17463,"href":"https:\/\/a3noticias.com.mx\/sandbox\/wp-json\/wp\/v2\/posts\/17461\/revisions\/17463"}],"wp:featuredmedia":[{"embeddable":true,"href":"https:\/\/a3noticias.com.mx\/sandbox\/wp-json\/wp\/v2\/media\/17462"}],"wp:attachment":[{"href":"https:\/\/a3noticias.com.mx\/sandbox\/wp-json\/wp\/v2\/media?parent=17461"}],"wp:term":[{"taxonomy":"category","embeddable":true,"href":"https:\/\/a3noticias.com.mx\/sandbox\/wp-json\/wp\/v2\/categories?post=17461"},{"taxonomy":"post_tag","embeddable":true,"href":"https:\/\/a3noticias.com.mx\/sandbox\/wp-json\/wp\/v2\/tags?post=17461"}],"curies":[{"name":"wp","href":"https:\/\/api.w.org\/{rel}","templated":true}]}}