{"id":17464,"date":"2021-12-07T15:25:20","date_gmt":"2021-12-07T21:25:20","guid":{"rendered":"https:\/\/a3noticias.com.mx\/sandbox\/?p=17464"},"modified":"2021-12-07T15:26:00","modified_gmt":"2021-12-07T21:26:00","slug":"logran-sancion-por-crueldad-animal","status":"publish","type":"post","link":"https:\/\/a3noticias.com.mx\/sandbox\/2021\/12\/07\/logran-sancion-por-crueldad-animal\/","title":{"rendered":"Logran sanci\u00f3n por crueldad animal"},"content":{"rendered":"\n<p>Este martes el Centro de Atenci\u00f3n Animal Municipal de El Marqu\u00e9s (CAAM), logr\u00f3 aplicar una sanci\u00f3n por crueldad animal a una persona, por omisi\u00f3n de cuidados hacia un perro.<\/p>\n\n\n\n<p>Fue a trav\u00e9s de una denuncia ciudadana presentada el pasado 11 de octubre del a\u00f1o en curso, que el CAAM se percat\u00f3 de la situaci\u00f3n por la que atravesaba el can y acudieron a su rescate.<\/p>\n\n\n\n<p>El perro se encontraba en estado de desnutrici\u00f3n y amarrado bajo el pleno rayo del sol, por lo que se determin\u00f3 sancionar al due\u00f1o del perro por omisi\u00f3n de cuidado en agravio de este.<\/p>\n\n\n\n<p>La sanci\u00f3n se logr\u00f3 gracias a la intervenci\u00f3n del CAAM, as\u00ed como del \u00e1rea Juzgado C\u00edvico Municipal de El Marqu\u00e9s.<\/p>\n\n\n\n<p>A trav\u00e9s de sus redes sociales se inform\u00f3 que el can contin\u00faa su proceso de recuperaci\u00f3n en las instalaciones del CAAM.<\/p>\n\n\n\n<p>Asimismo, el Centro de ayuda canino puso a disposici\u00f3n de la ciudadan\u00eda queretana el n\u00famero 4422388400 co la extensi\u00f3n 2112 o 2111, para denunciar casos de maltrato animal.<\/p>\n\n\n\n<div class=\"wp-block-image\"><figure class=\"aligncenter size-large is-resized\"><img loading=\"lazy\" decoding=\"async\" src=\"https:\/\/a3noticias.com.mx\/sandbox\/wp-content\/uploads\/2021\/12\/260119355_4516373888481690_4999479100010206874_n-68x90.jpeg\" alt=\"\" class=\"wp-image-17465\" width=\"434\" height=\"574\"\/><\/figure><\/div>\n","protected":false},"excerpt":{"rendered":"<p>Este martes el Centro de Atenci\u00f3n Animal Municipal de El Marqu\u00e9s (CAAM), logr\u00f3 aplicar una sanci\u00f3n por crueldad animal a una persona, por omisi\u00f3n de cuidados hacia un perro. Fue &hellip; <a href=\"https:\/\/a3noticias.com.mx\/sandbox\/2021\/12\/07\/logran-sancion-por-crueldad-animal\/\" class=\"more-link\">Leer m\u00e1s<\/a><\/p>\n","protected":false},"author":4,"featured_media":17466,"comment_status":"open","ping_status":"open","sticky":false,"template":"","format":"standard","meta":{"_monsterinsights_skip_tracking":false,"_monsterinsights_sitenote_active":false,"_monsterinsights_sitenote_note":"","_monsterinsights_sitenote_category":0,"footnotes":""},"categories":[2],"tags":[],"class_list":["post-17464","post","type-post","status-publish","format-standard","has-post-thumbnail","hentry","category-qro","entry"],"aioseo_notices":[],"_links":{"self":[{"href":"https:\/\/a3noticias.com.mx\/sandbox\/wp-json\/wp\/v2\/posts\/17464","targetHints":{"allow":["GET"]}}],"collection":[{"href":"https:\/\/a3noticias.com.mx\/sandbox\/wp-json\/wp\/v2\/posts"}],"about":[{"href":"https:\/\/a3noticias.com.mx\/sandbox\/wp-json\/wp\/v2\/types\/post"}],"author":[{"embeddable":true,"href":"https:\/\/a3noticias.com.mx\/sandbox\/wp-json\/wp\/v2\/users\/4"}],"replies":[{"embeddable":true,"href":"https:\/\/a3noticias.com.mx\/sandbox\/wp-json\/wp\/v2\/comments?post=17464"}],"version-history":[{"count":2,"href":"https:\/\/a3noticias.com.mx\/sandbox\/wp-json\/wp\/v2\/posts\/17464\/revisions"}],"predecessor-version":[{"id":17468,"href":"https:\/\/a3noticias.com.mx\/sandbox\/wp-json\/wp\/v2\/posts\/17464\/revisions\/17468"}],"wp:featuredmedia":[{"embeddable":true,"href":"https:\/\/a3noticias.com.mx\/sandbox\/wp-json\/wp\/v2\/media\/17466"}],"wp:attachment":[{"href":"https:\/\/a3noticias.com.mx\/sandbox\/wp-json\/wp\/v2\/media?parent=17464"}],"wp:term":[{"taxonomy":"category","embeddable":true,"href":"https:\/\/a3noticias.com.mx\/sandbox\/wp-json\/wp\/v2\/categories?post=17464"},{"taxonomy":"post_tag","embeddable":true,"href":"https:\/\/a3noticias.com.mx\/sandbox\/wp-json\/wp\/v2\/tags?post=17464"}],"curies":[{"name":"wp","href":"https:\/\/api.w.org\/{rel}","templated":true}]}}