{"id":17469,"date":"2021-12-07T15:43:04","date_gmt":"2021-12-07T21:43:04","guid":{"rendered":"https:\/\/a3noticias.com.mx\/sandbox\/?p=17469"},"modified":"2021-12-07T15:43:07","modified_gmt":"2021-12-07T21:43:07","slug":"sedesu-se-reune-con-se-federal-para-tratar-propuesta-de-incentivos-a-la-fabricacion-de-vehiculos-electricos","status":"publish","type":"post","link":"https:\/\/a3noticias.com.mx\/sandbox\/2021\/12\/07\/sedesu-se-reune-con-se-federal-para-tratar-propuesta-de-incentivos-a-la-fabricacion-de-vehiculos-electricos\/","title":{"rendered":"SEDESU se re\u00fane con SE federal para tratar propuesta de incentivos a la fabricaci\u00f3n de veh\u00edculos el\u00e9ctricos."},"content":{"rendered":"\n<p>Marco Antonio del Prete Tercero, titular de la Secretar\u00eda de Desarrollo Sustentable (SEDESU) y coordinador de la regi\u00f3n baj\u00edo de la Asociaci\u00f3n Mexicana de Secretarios de Desarrollo Econ\u00f3mico (AMSDE), se reuni\u00f3 con la secretaria de Econom\u00eda federal, Tatiana Clouthier, en la que se trat\u00f3 el tema de la propuesta de incentivos a la fabricaci\u00f3n de veh\u00edculos el\u00e9ctricos en Estados Unidos.&nbsp;<\/p>\n\n\n\n<blockquote class=\"wp-block-quote is-layout-flow wp-block-quote-is-layout-flow\"><p>\u201cLos incentivos son temporales, no se puede mantener una industria con incentivos, en M\u00e9xico hay un buen ecosistema, un bono demogr\u00e1fico que nos permite seguir produciendo y los veh\u00edculos van a requerir las autopartes que se producen en nuestro pa\u00eds\u201d.<\/p><\/blockquote>\n\n\n\n<p>Clouthier asegur\u00f3 que la posici\u00f3n de M\u00e9xico no es en contra de la fabricaci\u00f3n de veh\u00edculos el\u00e9ctricos, sino m\u00e1s bien la&nbsp; partida de empresas con presencia en el pa\u00eds, as\u00ed como un acuerdo en contra a lo que establece el TMEC, por lo que se pide se pueda hacer una adaptaci\u00f3n a la ley para que el beneficio sea directo a las personas que adquieran este tipo de coches.&nbsp;&nbsp;<\/p>\n\n\n\n<p>Durante la reuni\u00f3n tambi\u00e9n se cont\u00f3 con la participaci\u00f3n de la subsecretaria de Comercio Exterior de la SE, Luz Mar\u00eda de la Mora; el presidente de la AMSDE y secretario de Desarrollo Econ\u00f3mico de Coahuila, Jaime Guerra P\u00e9rez; as\u00ed como representantes de distintos estados con presencia de industria automotriz.&nbsp;<\/p>\n","protected":false},"excerpt":{"rendered":"<p>Marco Antonio del Prete Tercero, titular de la Secretar\u00eda de Desarrollo Sustentable (SEDESU) y coordinador de la regi\u00f3n baj\u00edo de la Asociaci\u00f3n Mexicana de Secretarios de Desarrollo Econ\u00f3mico (AMSDE), se &hellip; <a href=\"https:\/\/a3noticias.com.mx\/sandbox\/2021\/12\/07\/sedesu-se-reune-con-se-federal-para-tratar-propuesta-de-incentivos-a-la-fabricacion-de-vehiculos-electricos\/\" class=\"more-link\">Leer m\u00e1s<\/a><\/p>\n","protected":false},"author":2,"featured_media":17470,"comment_status":"open","ping_status":"open","sticky":false,"template":"","format":"standard","meta":{"_monsterinsights_skip_tracking":false,"_monsterinsights_sitenote_active":false,"_monsterinsights_sitenote_note":"","_monsterinsights_sitenote_category":0,"footnotes":""},"categories":[2],"tags":[],"class_list":["post-17469","post","type-post","status-publish","format-standard","has-post-thumbnail","hentry","category-qro","entry"],"aioseo_notices":[],"_links":{"self":[{"href":"https:\/\/a3noticias.com.mx\/sandbox\/wp-json\/wp\/v2\/posts\/17469","targetHints":{"allow":["GET"]}}],"collection":[{"href":"https:\/\/a3noticias.com.mx\/sandbox\/wp-json\/wp\/v2\/posts"}],"about":[{"href":"https:\/\/a3noticias.com.mx\/sandbox\/wp-json\/wp\/v2\/types\/post"}],"author":[{"embeddable":true,"href":"https:\/\/a3noticias.com.mx\/sandbox\/wp-json\/wp\/v2\/users\/2"}],"replies":[{"embeddable":true,"href":"https:\/\/a3noticias.com.mx\/sandbox\/wp-json\/wp\/v2\/comments?post=17469"}],"version-history":[{"count":1,"href":"https:\/\/a3noticias.com.mx\/sandbox\/wp-json\/wp\/v2\/posts\/17469\/revisions"}],"predecessor-version":[{"id":17471,"href":"https:\/\/a3noticias.com.mx\/sandbox\/wp-json\/wp\/v2\/posts\/17469\/revisions\/17471"}],"wp:featuredmedia":[{"embeddable":true,"href":"https:\/\/a3noticias.com.mx\/sandbox\/wp-json\/wp\/v2\/media\/17470"}],"wp:attachment":[{"href":"https:\/\/a3noticias.com.mx\/sandbox\/wp-json\/wp\/v2\/media?parent=17469"}],"wp:term":[{"taxonomy":"category","embeddable":true,"href":"https:\/\/a3noticias.com.mx\/sandbox\/wp-json\/wp\/v2\/categories?post=17469"},{"taxonomy":"post_tag","embeddable":true,"href":"https:\/\/a3noticias.com.mx\/sandbox\/wp-json\/wp\/v2\/tags?post=17469"}],"curies":[{"name":"wp","href":"https:\/\/api.w.org\/{rel}","templated":true}]}}