{"id":17473,"date":"2021-12-07T17:56:56","date_gmt":"2021-12-07T23:56:56","guid":{"rendered":"https:\/\/a3noticias.com.mx\/sandbox\/?p=17473"},"modified":"2021-12-07T17:56:59","modified_gmt":"2021-12-07T23:56:59","slug":"los-condors-tienen-nueva-casa-en-queretaro","status":"publish","type":"post","link":"https:\/\/a3noticias.com.mx\/sandbox\/2021\/12\/07\/los-condors-tienen-nueva-casa-en-queretaro\/","title":{"rendered":"Los Condors tienen nueva casa, en Quer\u00e9taro"},"content":{"rendered":"\n<p>Este martes se llev\u00f3 a cabo la presentaci\u00f3n oficial del ahora equipo queretano Condors, quienes representar\u00e1n orgullosamente al estado en la Liga de Futbol Americano Profesional (LFA), esto se da luego del anuncio realizado semanas atr\u00e1s por parte del Comisionado Alejandro Jaimes de que C\u00f3ndors cambiar\u00eda de sede.<\/p>\n\n\n\n<blockquote class=\"wp-block-quote is-layout-flow wp-block-quote-is-layout-flow\"><p>\u00abSe dio la suerte de que en Quer\u00e9taro la econom\u00eda no nos peg\u00f3 tan fuerte, pero fuimos uno de los estados menos sacudidos, entonces hubo un grupo de empresarios interesados en mantener el nivel profesional y de representatividad en la LFA, se da esta sinergia en la que el franquiciatario que ten\u00eda a Condors decide no continuar adelante, por eso pudimos darle un nuevo hogar, una nueva sede, un nuevo plumaje y una nueva identidad que es Condors Quer\u00e9taro, declar\u00f3 el Director General de la escuadra, Jorge Tinoco.\u00a0<\/p><\/blockquote>\n\n\n\n<p>La presentaci\u00f3n del equipo se llev\u00f3 a cabo en el estadio Corregidora, con la presencia del presidente de la escuadra, Jos\u00e9&nbsp;Luis Gonz\u00e1lez y el director general Jorge Tinoco, as\u00ed como con el head coach Felix Buend\u00eda, el comisionado de la LFA y dos de sus jugadores.<\/p>\n\n\n\n<p>El comisionado, Alejandro Jaimes, por su parte, se mostr\u00f3 encantado de que Quer\u00e9taro ahora cuente con un equipo de futbol americano que lo represente.<\/p>\n\n\n\n<blockquote class=\"wp-block-quote is-layout-flow wp-block-quote-is-layout-flow\"><p>\u00abPara nosotros como LFA, es un orgullo y un honor que una plaza tan importante como Quer\u00e9taro siga teniendo f\u00fatbol americano profesional, gracias al entusiasmo de empresarios de esta ciudad es que estamos haciendo esta presentaci\u00f3n en donde lanzamos al equipo Condors en esta ciudad\u201d<\/p><\/blockquote>\n\n\n\n<p>El debut del equipo en tierras queretanas ser\u00e1 el pr\u00f3ximo mes de marzo de 2022, durante la segunda jornada de la temporada, donde enfrentar\u00e1n a los Reyes de Jalisco, sin embargo, la temporada de la LFA para los Condors arrancar\u00e1 la \u00faltima semana de febrero, que ser\u00e1 cuando abrir\u00e1n de visitantes y tendr\u00e1 en abril.<\/p>\n\n\n\n<p>Asimismo, se anunci\u00f3 que el uniforme que utilizar\u00e1n en sus encuentros como locales ser\u00e1 color negro con azul, mientras que el de visitantes ser\u00e1 blanco con azul.<\/p>\n\n\n\n<p>Cabe destacar que el equipo fue campe\u00f3n en 2019 y mantiene el t\u00edtulo a estas fechas.<\/p>\n\n\n\n<figure class=\"wp-block-image size-large is-resized\"><img loading=\"lazy\" decoding=\"async\" src=\"https:\/\/a3noticias.com.mx\/sandbox\/wp-content\/uploads\/2021\/12\/FGCKif0WYAADYRt-135x90.jpeg\" alt=\"\" class=\"wp-image-17475\" width=\"603\" height=\"402\" srcset=\"https:\/\/a3noticias.com.mx\/sandbox\/wp-content\/uploads\/2021\/12\/FGCKif0WYAADYRt-135x90.jpeg 135w, https:\/\/a3noticias.com.mx\/sandbox\/wp-content\/uploads\/2021\/12\/FGCKif0WYAADYRt-300x200.jpeg 300w, https:\/\/a3noticias.com.mx\/sandbox\/wp-content\/uploads\/2021\/12\/FGCKif0WYAADYRt-768x512.jpeg 768w, https:\/\/a3noticias.com.mx\/sandbox\/wp-content\/uploads\/2021\/12\/FGCKif0WYAADYRt-1536x1024.jpeg 1536w, https:\/\/a3noticias.com.mx\/sandbox\/wp-content\/uploads\/2021\/12\/FGCKif0WYAADYRt.jpeg 2048w\" sizes=\"auto, (max-width: 603px) 100vw, 603px\" \/><\/figure>\n\n\n\n<figure class=\"wp-block-image size-large is-resized\"><img loading=\"lazy\" decoding=\"async\" src=\"https:\/\/a3noticias.com.mx\/sandbox\/wp-content\/uploads\/2021\/12\/FGCKjTpXwBQpNSW-135x90.jpeg\" alt=\"\" class=\"wp-image-17476\" width=\"600\" height=\"400\" srcset=\"https:\/\/a3noticias.com.mx\/sandbox\/wp-content\/uploads\/2021\/12\/FGCKjTpXwBQpNSW-135x90.jpeg 135w, https:\/\/a3noticias.com.mx\/sandbox\/wp-content\/uploads\/2021\/12\/FGCKjTpXwBQpNSW-300x200.jpeg 300w, https:\/\/a3noticias.com.mx\/sandbox\/wp-content\/uploads\/2021\/12\/FGCKjTpXwBQpNSW-768x512.jpeg 768w, https:\/\/a3noticias.com.mx\/sandbox\/wp-content\/uploads\/2021\/12\/FGCKjTpXwBQpNSW-1536x1024.jpeg 1536w, https:\/\/a3noticias.com.mx\/sandbox\/wp-content\/uploads\/2021\/12\/FGCKjTpXwBQpNSW.jpeg 2048w\" sizes=\"auto, (max-width: 600px) 100vw, 600px\" \/><\/figure>\n\n\n\n<figure class=\"wp-block-image size-large is-resized\"><img loading=\"lazy\" decoding=\"async\" src=\"https:\/\/a3noticias.com.mx\/sandbox\/wp-content\/uploads\/2021\/12\/FGCKkDgXsAMvaL4-135x90.jpeg\" alt=\"\" class=\"wp-image-17477\" width=\"590\" height=\"393\" srcset=\"https:\/\/a3noticias.com.mx\/sandbox\/wp-content\/uploads\/2021\/12\/FGCKkDgXsAMvaL4-135x90.jpeg 135w, https:\/\/a3noticias.com.mx\/sandbox\/wp-content\/uploads\/2021\/12\/FGCKkDgXsAMvaL4-300x200.jpeg 300w, https:\/\/a3noticias.com.mx\/sandbox\/wp-content\/uploads\/2021\/12\/FGCKkDgXsAMvaL4-768x512.jpeg 768w, https:\/\/a3noticias.com.mx\/sandbox\/wp-content\/uploads\/2021\/12\/FGCKkDgXsAMvaL4-1536x1024.jpeg 1536w, https:\/\/a3noticias.com.mx\/sandbox\/wp-content\/uploads\/2021\/12\/FGCKkDgXsAMvaL4.jpeg 2048w\" sizes=\"auto, (max-width: 590px) 100vw, 590px\" \/><\/figure>\n","protected":false},"excerpt":{"rendered":"<p>Este martes se llev\u00f3 a cabo la presentaci\u00f3n oficial del ahora equipo queretano Condors, quienes representar\u00e1n orgullosamente al estado en la Liga de Futbol Americano Profesional (LFA), esto se da &hellip; <a href=\"https:\/\/a3noticias.com.mx\/sandbox\/2021\/12\/07\/los-condors-tienen-nueva-casa-en-queretaro\/\" class=\"more-link\">Leer m\u00e1s<\/a><\/p>\n","protected":false},"author":4,"featured_media":17474,"comment_status":"open","ping_status":"open","sticky":false,"template":"","format":"standard","meta":{"_monsterinsights_skip_tracking":false,"_monsterinsights_sitenote_active":false,"_monsterinsights_sitenote_note":"","_monsterinsights_sitenote_category":0,"footnotes":""},"categories":[2],"tags":[],"class_list":["post-17473","post","type-post","status-publish","format-standard","has-post-thumbnail","hentry","category-qro","entry"],"aioseo_notices":[],"_links":{"self":[{"href":"https:\/\/a3noticias.com.mx\/sandbox\/wp-json\/wp\/v2\/posts\/17473","targetHints":{"allow":["GET"]}}],"collection":[{"href":"https:\/\/a3noticias.com.mx\/sandbox\/wp-json\/wp\/v2\/posts"}],"about":[{"href":"https:\/\/a3noticias.com.mx\/sandbox\/wp-json\/wp\/v2\/types\/post"}],"author":[{"embeddable":true,"href":"https:\/\/a3noticias.com.mx\/sandbox\/wp-json\/wp\/v2\/users\/4"}],"replies":[{"embeddable":true,"href":"https:\/\/a3noticias.com.mx\/sandbox\/wp-json\/wp\/v2\/comments?post=17473"}],"version-history":[{"count":1,"href":"https:\/\/a3noticias.com.mx\/sandbox\/wp-json\/wp\/v2\/posts\/17473\/revisions"}],"predecessor-version":[{"id":17478,"href":"https:\/\/a3noticias.com.mx\/sandbox\/wp-json\/wp\/v2\/posts\/17473\/revisions\/17478"}],"wp:featuredmedia":[{"embeddable":true,"href":"https:\/\/a3noticias.com.mx\/sandbox\/wp-json\/wp\/v2\/media\/17474"}],"wp:attachment":[{"href":"https:\/\/a3noticias.com.mx\/sandbox\/wp-json\/wp\/v2\/media?parent=17473"}],"wp:term":[{"taxonomy":"category","embeddable":true,"href":"https:\/\/a3noticias.com.mx\/sandbox\/wp-json\/wp\/v2\/categories?post=17473"},{"taxonomy":"post_tag","embeddable":true,"href":"https:\/\/a3noticias.com.mx\/sandbox\/wp-json\/wp\/v2\/tags?post=17473"}],"curies":[{"name":"wp","href":"https:\/\/api.w.org\/{rel}","templated":true}]}}