{"id":17487,"date":"2021-12-08T10:11:46","date_gmt":"2021-12-08T16:11:46","guid":{"rendered":"https:\/\/a3noticias.com.mx\/sandbox\/?p=17487"},"modified":"2021-12-08T10:11:50","modified_gmt":"2021-12-08T16:11:50","slug":"se-espera-la-llegada-de-cerca-de-7-mil-personas-en-la-caravana-migrante","status":"publish","type":"post","link":"https:\/\/a3noticias.com.mx\/sandbox\/2021\/12\/08\/se-espera-la-llegada-de-cerca-de-7-mil-personas-en-la-caravana-migrante\/","title":{"rendered":"Se espera la llegada de cerca de 7 mil personas en la caravana migrante"},"content":{"rendered":"\n<p>Con el objetivo de pasar las festividades navide\u00f1as con sus familiares en Quer\u00e9taro, cerca de 7 mil migrantes partieron a las 5:00 am de este mi\u00e9rcoles desde la Arena en la Ciudad de Laredo, Texas, con destino a la Sierra Gorda Queretana, como parte de la d\u00e9cimo cuarta Caravana Migrante.<\/p>\n\n\n\n<p>El prop\u00f3sito de esta caravana es que los migrantes queretanos viajen seguros y sin contratiempos durante su recorrido, para que finalmente lleguen a salvo con sus familias a los distintos municipios de la entidad.<\/p>\n\n\n\n<p>Se espera que esta misma noche arriben a tierras queretanas luego de varias horas de recorrido por tierra cruzando la frontera y parte del territorio nacional.<\/p>\n\n\n\n<p>La presidenta municipal de Pinal de Amoles, Lupita Ram\u00edrez Plaza, quien realiz\u00f3 lo tr\u00e1mites correspondientes para que la caravana 2021 pudiera ser posible, detall\u00f3 que son m\u00e1s de 500 los veh\u00edculos que se tienen registrados para transportar a los m\u00e1s de 6 mil migrantes con destino a Quer\u00e9taro.<\/p>\n\n\n\n<blockquote class=\"wp-block-quote is-layout-flow wp-block-quote-is-layout-flow\"><p>\u201cSe les coloca el sticker que es la estampa conmemorativa de esta caravana, yo creo que vamos a tener alrededor de 6 mil o 7 mil migrantes, no solo de Pinal de Amoles, sino de todos los municipios de Quer\u00e9taro y me toc\u00f3 registrar gente de Guanajuato, de San Luis Potos\u00ed, de Veracruz, de Hidalgo, de Zacatecas, hasta de Guerrero y Oaxaca tambi\u00e9n, hay muchos amigos migrantes que van de regreso\u201d, apunt\u00f3.<\/p><\/blockquote>\n\n\n\n<p>La caravana solo tiene previsto hacer una parada en San Pedro, Nuevo Le\u00f3n, para tomar alimentos y posteriormente seguir su recorrido por R\u00edo Verde, San Luis Potos\u00ed, con el fin de llegar cercanas las 8 de la noche a Jalpan de Serra y a las 9 pm a Agucatl\u00e1n de Guadalupe, en Pinal de Amoles.&nbsp;<\/p>\n\n\n\n<p>La caravana est\u00e1 respaldada por diversas autoridades como el Instituto Nacional de Migraci\u00f3n, la Secretar\u00eda de Gobernaci\u00f3n, \u00c1ngeles Verdes de la Secretar\u00eda de Turismo, Guardia Nacional y Protecci\u00f3n Ciudadana.<\/p>\n","protected":false},"excerpt":{"rendered":"<p>Con el objetivo de pasar las festividades navide\u00f1as con sus familiares en Quer\u00e9taro, cerca de 7 mil migrantes partieron a las 5:00 am de este mi\u00e9rcoles desde la Arena en &hellip; <a href=\"https:\/\/a3noticias.com.mx\/sandbox\/2021\/12\/08\/se-espera-la-llegada-de-cerca-de-7-mil-personas-en-la-caravana-migrante\/\" class=\"more-link\">Leer m\u00e1s<\/a><\/p>\n","protected":false},"author":4,"featured_media":17488,"comment_status":"open","ping_status":"open","sticky":false,"template":"","format":"standard","meta":{"_monsterinsights_skip_tracking":false,"_monsterinsights_sitenote_active":false,"_monsterinsights_sitenote_note":"","_monsterinsights_sitenote_category":0,"footnotes":""},"categories":[3],"tags":[],"class_list":["post-17487","post","type-post","status-publish","format-standard","has-post-thumbnail","hentry","category-nal","entry"],"aioseo_notices":[],"_links":{"self":[{"href":"https:\/\/a3noticias.com.mx\/sandbox\/wp-json\/wp\/v2\/posts\/17487","targetHints":{"allow":["GET"]}}],"collection":[{"href":"https:\/\/a3noticias.com.mx\/sandbox\/wp-json\/wp\/v2\/posts"}],"about":[{"href":"https:\/\/a3noticias.com.mx\/sandbox\/wp-json\/wp\/v2\/types\/post"}],"author":[{"embeddable":true,"href":"https:\/\/a3noticias.com.mx\/sandbox\/wp-json\/wp\/v2\/users\/4"}],"replies":[{"embeddable":true,"href":"https:\/\/a3noticias.com.mx\/sandbox\/wp-json\/wp\/v2\/comments?post=17487"}],"version-history":[{"count":1,"href":"https:\/\/a3noticias.com.mx\/sandbox\/wp-json\/wp\/v2\/posts\/17487\/revisions"}],"predecessor-version":[{"id":17489,"href":"https:\/\/a3noticias.com.mx\/sandbox\/wp-json\/wp\/v2\/posts\/17487\/revisions\/17489"}],"wp:featuredmedia":[{"embeddable":true,"href":"https:\/\/a3noticias.com.mx\/sandbox\/wp-json\/wp\/v2\/media\/17488"}],"wp:attachment":[{"href":"https:\/\/a3noticias.com.mx\/sandbox\/wp-json\/wp\/v2\/media?parent=17487"}],"wp:term":[{"taxonomy":"category","embeddable":true,"href":"https:\/\/a3noticias.com.mx\/sandbox\/wp-json\/wp\/v2\/categories?post=17487"},{"taxonomy":"post_tag","embeddable":true,"href":"https:\/\/a3noticias.com.mx\/sandbox\/wp-json\/wp\/v2\/tags?post=17487"}],"curies":[{"name":"wp","href":"https:\/\/api.w.org\/{rel}","templated":true}]}}