{"id":17496,"date":"2021-12-08T16:36:31","date_gmt":"2021-12-08T22:36:31","guid":{"rendered":"https:\/\/a3noticias.com.mx\/sandbox\/?p=17496"},"modified":"2021-12-08T16:36:34","modified_gmt":"2021-12-08T22:36:34","slug":"vacunacion-de-refuerzo-para-adultos-mayores-comenzara-antes-de-terminar-el-ano","status":"publish","type":"post","link":"https:\/\/a3noticias.com.mx\/sandbox\/2021\/12\/08\/vacunacion-de-refuerzo-para-adultos-mayores-comenzara-antes-de-terminar-el-ano\/","title":{"rendered":"Vacunaci\u00f3n de refuerzo para adultos mayores comenzar\u00e1 antes de terminar el a\u00f1o"},"content":{"rendered":"\n<p>La Delegada de la Secretar\u00eda del Bienestar en Quer\u00e9taro, Roc\u00edo Peniche Vera, asever\u00f3 que antes de que termine el a\u00f1o se empezar\u00e1 con la aplicaci\u00f3n de las dosis de refuerzo anticovid para los adultos mayores en la entidad.<\/p>\n\n\n\n<p>De acuerdo con la funcionaria estatal, en conjunto con la brigada correcaminos, est\u00e1n por definirse las posibles fechas de comienzo de vacunaci\u00f3n de terceras dosis contra Covid en adultos mayores de 65 a\u00f1os en adelante, por lo que inst\u00f3 a la poblaci\u00f3n a estar pendientes a las p\u00e1ginas oficiales de la Secretar\u00eda pues por ese medio se publicar\u00e1n las convocatorias.<\/p>\n\n\n\n<p>De cuerdo con Peniche Vera es posible que la vacunaci\u00f3n inicie en los municipios pertenecientes a la Sierra Gorda Queretana, asimismo, se\u00f1al\u00f3 que se vacunar\u00e1 a aquellos adultos mayores que tengan seis meses de haberse aplicado la \u00faltima dosis y explic\u00f3 que el biol\u00f3gico que se les aplicar\u00e1 ser\u00e1 el de la farmac\u00e9utica AstraZeneca, sin importar cu\u00e1l se les hab\u00eda aplicado con anterioridad.<\/p>\n\n\n\n<p>Para inmunizarse con la dosis de refuerzo no ser\u00e1 necesario realizar de nuevo un registro, solo presentarse la fecha y hora establecida de acuerdo a la convocatoria que se publique, as\u00ed como llevar Identificaci\u00f3n oficial y comprobante de domicilio y ah\u00ed mismo se les proporcionar\u00e1 su comprobante de vacunaci\u00f3n correspondiente a la tercera dosis.<\/p>\n","protected":false},"excerpt":{"rendered":"<p>La Delegada de la Secretar\u00eda del Bienestar en Quer\u00e9taro, Roc\u00edo Peniche Vera, asever\u00f3 que antes de que termine el a\u00f1o se empezar\u00e1 con la aplicaci\u00f3n de las dosis de refuerzo &hellip; <a href=\"https:\/\/a3noticias.com.mx\/sandbox\/2021\/12\/08\/vacunacion-de-refuerzo-para-adultos-mayores-comenzara-antes-de-terminar-el-ano\/\" class=\"more-link\">Leer m\u00e1s<\/a><\/p>\n","protected":false},"author":4,"featured_media":17497,"comment_status":"open","ping_status":"open","sticky":false,"template":"","format":"standard","meta":{"_monsterinsights_skip_tracking":false,"_monsterinsights_sitenote_active":false,"_monsterinsights_sitenote_note":"","_monsterinsights_sitenote_category":0,"footnotes":""},"categories":[2],"tags":[],"class_list":["post-17496","post","type-post","status-publish","format-standard","has-post-thumbnail","hentry","category-qro","entry"],"aioseo_notices":[],"_links":{"self":[{"href":"https:\/\/a3noticias.com.mx\/sandbox\/wp-json\/wp\/v2\/posts\/17496","targetHints":{"allow":["GET"]}}],"collection":[{"href":"https:\/\/a3noticias.com.mx\/sandbox\/wp-json\/wp\/v2\/posts"}],"about":[{"href":"https:\/\/a3noticias.com.mx\/sandbox\/wp-json\/wp\/v2\/types\/post"}],"author":[{"embeddable":true,"href":"https:\/\/a3noticias.com.mx\/sandbox\/wp-json\/wp\/v2\/users\/4"}],"replies":[{"embeddable":true,"href":"https:\/\/a3noticias.com.mx\/sandbox\/wp-json\/wp\/v2\/comments?post=17496"}],"version-history":[{"count":1,"href":"https:\/\/a3noticias.com.mx\/sandbox\/wp-json\/wp\/v2\/posts\/17496\/revisions"}],"predecessor-version":[{"id":17498,"href":"https:\/\/a3noticias.com.mx\/sandbox\/wp-json\/wp\/v2\/posts\/17496\/revisions\/17498"}],"wp:featuredmedia":[{"embeddable":true,"href":"https:\/\/a3noticias.com.mx\/sandbox\/wp-json\/wp\/v2\/media\/17497"}],"wp:attachment":[{"href":"https:\/\/a3noticias.com.mx\/sandbox\/wp-json\/wp\/v2\/media?parent=17496"}],"wp:term":[{"taxonomy":"category","embeddable":true,"href":"https:\/\/a3noticias.com.mx\/sandbox\/wp-json\/wp\/v2\/categories?post=17496"},{"taxonomy":"post_tag","embeddable":true,"href":"https:\/\/a3noticias.com.mx\/sandbox\/wp-json\/wp\/v2\/tags?post=17496"}],"curies":[{"name":"wp","href":"https:\/\/api.w.org\/{rel}","templated":true}]}}