{"id":17499,"date":"2021-12-08T17:12:01","date_gmt":"2021-12-08T23:12:01","guid":{"rendered":"https:\/\/a3noticias.com.mx\/sandbox\/?p=17499"},"modified":"2021-12-08T17:12:05","modified_gmt":"2021-12-08T23:12:05","slug":"sacerdote-acusado-de-abusar-sexualmente-de-un-menor-enfrentara-su-proceso-en-arraigo-domiciliario","status":"publish","type":"post","link":"https:\/\/a3noticias.com.mx\/sandbox\/2021\/12\/08\/sacerdote-acusado-de-abusar-sexualmente-de-un-menor-enfrentara-su-proceso-en-arraigo-domiciliario\/","title":{"rendered":"Sacerdote acusado de abusar sexualmente de un menor, enfrentar\u00e1 su proceso en arraigo domiciliario."},"content":{"rendered":"\n<p>En julio de este a\u00f1o, la Di\u00f3cesis de Quer\u00e9taro dio a conocer que suspendi\u00f3 a un sacerdote luego de que fue denunciado por abusar sexualmente de un ni\u00f1o de 11 a\u00f1os, dicho sacerdote sali\u00f3 recientemente del centro de readaptaci\u00f3n social, para as\u00ed continuar con su proceso en arraigo domiciliario.&nbsp;<\/p>\n\n\n\n<p>Mart\u00edn Lara Becerril, vicario de la Di\u00f3cesis, dijo que el proceso se encuentra en manos de las autoridades civiles y que en caso de que determinen una sentencia absolutoria, las autoridades eclesi\u00e1sticas no continuar\u00e1n con el proceso.<\/p>\n\n\n\n<blockquote class=\"wp-block-quote is-layout-flow wp-block-quote-is-layout-flow\"><p>\u201cLa fiscal\u00eda es la responsable, ellos hacen, ellos reciben la acusaci\u00f3n, ellos dan el juicio,es algo que no nos corresponde (&#8230;) Si el proceso es absolutorio no tiene raz\u00f3n de continuar el proceso can\u00f3nico, porque la persona no ha sido encontrada culpable\u201c.<\/p><\/blockquote>\n","protected":false},"excerpt":{"rendered":"<p>En julio de este a\u00f1o, la Di\u00f3cesis de Quer\u00e9taro dio a conocer que suspendi\u00f3 a un sacerdote luego de que fue denunciado por abusar sexualmente de un ni\u00f1o de 11 &hellip; <a href=\"https:\/\/a3noticias.com.mx\/sandbox\/2021\/12\/08\/sacerdote-acusado-de-abusar-sexualmente-de-un-menor-enfrentara-su-proceso-en-arraigo-domiciliario\/\" class=\"more-link\">Leer m\u00e1s<\/a><\/p>\n","protected":false},"author":2,"featured_media":17500,"comment_status":"open","ping_status":"open","sticky":false,"template":"","format":"standard","meta":{"_monsterinsights_skip_tracking":false,"_monsterinsights_sitenote_active":false,"_monsterinsights_sitenote_note":"","_monsterinsights_sitenote_category":0,"footnotes":""},"categories":[2],"tags":[],"class_list":["post-17499","post","type-post","status-publish","format-standard","has-post-thumbnail","hentry","category-qro","entry"],"aioseo_notices":[],"_links":{"self":[{"href":"https:\/\/a3noticias.com.mx\/sandbox\/wp-json\/wp\/v2\/posts\/17499","targetHints":{"allow":["GET"]}}],"collection":[{"href":"https:\/\/a3noticias.com.mx\/sandbox\/wp-json\/wp\/v2\/posts"}],"about":[{"href":"https:\/\/a3noticias.com.mx\/sandbox\/wp-json\/wp\/v2\/types\/post"}],"author":[{"embeddable":true,"href":"https:\/\/a3noticias.com.mx\/sandbox\/wp-json\/wp\/v2\/users\/2"}],"replies":[{"embeddable":true,"href":"https:\/\/a3noticias.com.mx\/sandbox\/wp-json\/wp\/v2\/comments?post=17499"}],"version-history":[{"count":1,"href":"https:\/\/a3noticias.com.mx\/sandbox\/wp-json\/wp\/v2\/posts\/17499\/revisions"}],"predecessor-version":[{"id":17501,"href":"https:\/\/a3noticias.com.mx\/sandbox\/wp-json\/wp\/v2\/posts\/17499\/revisions\/17501"}],"wp:featuredmedia":[{"embeddable":true,"href":"https:\/\/a3noticias.com.mx\/sandbox\/wp-json\/wp\/v2\/media\/17500"}],"wp:attachment":[{"href":"https:\/\/a3noticias.com.mx\/sandbox\/wp-json\/wp\/v2\/media?parent=17499"}],"wp:term":[{"taxonomy":"category","embeddable":true,"href":"https:\/\/a3noticias.com.mx\/sandbox\/wp-json\/wp\/v2\/categories?post=17499"},{"taxonomy":"post_tag","embeddable":true,"href":"https:\/\/a3noticias.com.mx\/sandbox\/wp-json\/wp\/v2\/tags?post=17499"}],"curies":[{"name":"wp","href":"https:\/\/api.w.org\/{rel}","templated":true}]}}