{"id":17502,"date":"2021-12-09T09:51:37","date_gmt":"2021-12-09T15:51:37","guid":{"rendered":"https:\/\/a3noticias.com.mx\/sandbox\/?p=17502"},"modified":"2021-12-09T09:51:39","modified_gmt":"2021-12-09T15:51:39","slug":"se-suman-25-casos-de-covid-19","status":"publish","type":"post","link":"https:\/\/a3noticias.com.mx\/sandbox\/2021\/12\/09\/se-suman-25-casos-de-covid-19\/","title":{"rendered":"Se suman 25 casos de Covid-19"},"content":{"rendered":"\n<p>Este mi\u00e9rcoles se registr\u00f3 una defunci\u00f3n a causa de Covid-19, de un hombre de 89 a\u00f1os sin comorbilidades, el cual se encontraba hospitalizado.<\/p>\n\n\n\n<p>&nbsp;En este momento, la entidad registra 266 personas con sintomatolog\u00eda leve, aislamiento y manejo en su domicilio y 65 hospitalizados, de los cuales 30 se encuentran graves.&nbsp;Se han sumado hasta el d\u00eda de ayer 25 casos positivos; 12 son mujeres y 13 hombres.<\/p>\n\n\n\n<p>Hasta el momento, en el estado el registro acumulado es de 100 mil 60 casos; el 51 por ciento son mujeres y el 49 por ciento hombres y se han dado de alta a 38 pacientes, lo que resulta en un acumulado del 93.60 por ciento de los pacientes con Covid-19 en Queretaro, correspondientes a 93 mil 665 altas.<\/p>\n\n\n\n<p>Asimismo, la ocupaci\u00f3n de camas con ventilador a nivel estatal se encuentra al 8 por ciento, mientras que en camas sin ventilador se registra una ocupaci\u00f3n del 13 por ciento.&nbsp;<\/p>\n\n\n\n<p>El Gobierno de Quer\u00e9taro ha puesto a disposici\u00f3n un Call Center con el n\u00famero 442 101 52 05 para que quienes presenten s\u00edntomas de enfermedades respiratorias puedan recibir atenci\u00f3n m\u00e9dica v\u00eda telef\u00f3nica de manera gratuita.<\/p>\n\n\n\n<p>Tambi\u00e9n ha brindado las siguientes p\u00e1ginas para consultar informaci\u00f3n relacionada con COVID-19:\u00a0<a href=\"http:\/\/www.coronavirus.gob.mx\/\">coronavirus.gob.mx<\/a>\u00a0\u00a0y\u00a0<a href=\"http:\/\/covid19.queretaro.gob.mx\">covid19.queretaro.gob.mx<\/a>.<\/p>\n\n\n\n<div class=\"wp-block-image\"><figure class=\"aligncenter size-large is-resized\"><img loading=\"lazy\" decoding=\"async\" src=\"https:\/\/a3noticias.com.mx\/sandbox\/wp-content\/uploads\/2021\/12\/71_273_34747_658871392_E8C1DE6D-BFC3-49FB-BB72-7E4FB02CC732-45x90.jpeg\" alt=\"\" class=\"wp-image-17504\" width=\"447\" height=\"893\" srcset=\"https:\/\/a3noticias.com.mx\/sandbox\/wp-content\/uploads\/2021\/12\/71_273_34747_658871392_E8C1DE6D-BFC3-49FB-BB72-7E4FB02CC732-45x90.jpeg 45w, https:\/\/a3noticias.com.mx\/sandbox\/wp-content\/uploads\/2021\/12\/71_273_34747_658871392_E8C1DE6D-BFC3-49FB-BB72-7E4FB02CC732-150x300.jpeg 150w, https:\/\/a3noticias.com.mx\/sandbox\/wp-content\/uploads\/2021\/12\/71_273_34747_658871392_E8C1DE6D-BFC3-49FB-BB72-7E4FB02CC732.jpeg 640w\" sizes=\"auto, (max-width: 447px) 100vw, 447px\" \/><\/figure><\/div>\n","protected":false},"excerpt":{"rendered":"<p>Este mi\u00e9rcoles se registr\u00f3 una defunci\u00f3n a causa de Covid-19, de un hombre de 89 a\u00f1os sin comorbilidades, el cual se encontraba hospitalizado. &nbsp;En este momento, la entidad registra 266 &hellip; <a href=\"https:\/\/a3noticias.com.mx\/sandbox\/2021\/12\/09\/se-suman-25-casos-de-covid-19\/\" class=\"more-link\">Leer m\u00e1s<\/a><\/p>\n","protected":false},"author":4,"featured_media":17503,"comment_status":"open","ping_status":"open","sticky":false,"template":"","format":"standard","meta":{"_monsterinsights_skip_tracking":false,"_monsterinsights_sitenote_active":false,"_monsterinsights_sitenote_note":"","_monsterinsights_sitenote_category":0,"footnotes":""},"categories":[2],"tags":[],"class_list":["post-17502","post","type-post","status-publish","format-standard","has-post-thumbnail","hentry","category-qro","entry"],"aioseo_notices":[],"_links":{"self":[{"href":"https:\/\/a3noticias.com.mx\/sandbox\/wp-json\/wp\/v2\/posts\/17502","targetHints":{"allow":["GET"]}}],"collection":[{"href":"https:\/\/a3noticias.com.mx\/sandbox\/wp-json\/wp\/v2\/posts"}],"about":[{"href":"https:\/\/a3noticias.com.mx\/sandbox\/wp-json\/wp\/v2\/types\/post"}],"author":[{"embeddable":true,"href":"https:\/\/a3noticias.com.mx\/sandbox\/wp-json\/wp\/v2\/users\/4"}],"replies":[{"embeddable":true,"href":"https:\/\/a3noticias.com.mx\/sandbox\/wp-json\/wp\/v2\/comments?post=17502"}],"version-history":[{"count":1,"href":"https:\/\/a3noticias.com.mx\/sandbox\/wp-json\/wp\/v2\/posts\/17502\/revisions"}],"predecessor-version":[{"id":17505,"href":"https:\/\/a3noticias.com.mx\/sandbox\/wp-json\/wp\/v2\/posts\/17502\/revisions\/17505"}],"wp:featuredmedia":[{"embeddable":true,"href":"https:\/\/a3noticias.com.mx\/sandbox\/wp-json\/wp\/v2\/media\/17503"}],"wp:attachment":[{"href":"https:\/\/a3noticias.com.mx\/sandbox\/wp-json\/wp\/v2\/media?parent=17502"}],"wp:term":[{"taxonomy":"category","embeddable":true,"href":"https:\/\/a3noticias.com.mx\/sandbox\/wp-json\/wp\/v2\/categories?post=17502"},{"taxonomy":"post_tag","embeddable":true,"href":"https:\/\/a3noticias.com.mx\/sandbox\/wp-json\/wp\/v2\/tags?post=17502"}],"curies":[{"name":"wp","href":"https:\/\/api.w.org\/{rel}","templated":true}]}}