{"id":17506,"date":"2021-12-09T10:59:16","date_gmt":"2021-12-09T16:59:16","guid":{"rendered":"https:\/\/a3noticias.com.mx\/sandbox\/?p=17506"},"modified":"2021-12-09T10:59:19","modified_gmt":"2021-12-09T16:59:19","slug":"proximo-ano-podrian-concluirse-restauraciones-de-obras-afectadas-por-los-sismos-de-los-ultimos-anos","status":"publish","type":"post","link":"https:\/\/a3noticias.com.mx\/sandbox\/2021\/12\/09\/proximo-ano-podrian-concluirse-restauraciones-de-obras-afectadas-por-los-sismos-de-los-ultimos-anos\/","title":{"rendered":"Pr\u00f3ximo a\u00f1o podr\u00edan concluirse restauraciones de obras afectadas por los sismos de los \u00faltimos a\u00f1os."},"content":{"rendered":"\n<p>De acuerdo con el presidente, Andr\u00e9s Manuel L\u00f3pez Obrador, el pr\u00f3ximo a\u00f1o se concluir\u00e1 con la restauraci\u00f3n de las obras afectadas por los sismos de los \u00faltimos a\u00f1os, pues seg\u00fan se\u00f1al\u00f3 se llevan a cabo programas para conservar sitios arqueol\u00f3gicos y culturales en M\u00e9xico.<\/p>\n\n\n\n<blockquote class=\"wp-block-quote is-layout-flow wp-block-quote-is-layout-flow\"><p>\u201cEstamos llevando a cabo todo un programa de reconstrucci\u00f3n de espacios p\u00fablicos y en especial de templos. (&#8230;) Todav\u00eda no terminamos por lo espec\u00edfico del trabajo de reconstrucci\u00f3n porque estas obras requieren de mucho trabajo, pero vamos a terminar de atender todos estos da\u00f1os que se causaron por el sismo el a\u00f1o pr\u00f3ximo\u201d.<\/p><\/blockquote>\n\n\n\n<p>El jefe del Ejecutivo, tras la entrega de los premios de arquitectura e ingenier\u00eda durante la conferencia matutina, reiter\u00f3 que su gobierno se encuentra comprometido con la conservaci\u00f3n del patrimonio hist\u00f3rico y cultural de M\u00e9xico, por lo que se continuar\u00e1 invirtiendo en la restauraci\u00f3n y&nbsp; manutenci\u00f3n de sitios prehisp\u00e1nicos y coloniales.<\/p>\n","protected":false},"excerpt":{"rendered":"<p>De acuerdo con el presidente, Andr\u00e9s Manuel L\u00f3pez Obrador, el pr\u00f3ximo a\u00f1o se concluir\u00e1 con la restauraci\u00f3n de las obras afectadas por los sismos de los \u00faltimos a\u00f1os, pues seg\u00fan &hellip; <a href=\"https:\/\/a3noticias.com.mx\/sandbox\/2021\/12\/09\/proximo-ano-podrian-concluirse-restauraciones-de-obras-afectadas-por-los-sismos-de-los-ultimos-anos\/\" class=\"more-link\">Leer m\u00e1s<\/a><\/p>\n","protected":false},"author":2,"featured_media":17507,"comment_status":"open","ping_status":"open","sticky":false,"template":"","format":"standard","meta":{"_monsterinsights_skip_tracking":false,"_monsterinsights_sitenote_active":false,"_monsterinsights_sitenote_note":"","_monsterinsights_sitenote_category":0,"footnotes":""},"categories":[3],"tags":[],"class_list":["post-17506","post","type-post","status-publish","format-standard","has-post-thumbnail","hentry","category-nal","entry"],"aioseo_notices":[],"_links":{"self":[{"href":"https:\/\/a3noticias.com.mx\/sandbox\/wp-json\/wp\/v2\/posts\/17506","targetHints":{"allow":["GET"]}}],"collection":[{"href":"https:\/\/a3noticias.com.mx\/sandbox\/wp-json\/wp\/v2\/posts"}],"about":[{"href":"https:\/\/a3noticias.com.mx\/sandbox\/wp-json\/wp\/v2\/types\/post"}],"author":[{"embeddable":true,"href":"https:\/\/a3noticias.com.mx\/sandbox\/wp-json\/wp\/v2\/users\/2"}],"replies":[{"embeddable":true,"href":"https:\/\/a3noticias.com.mx\/sandbox\/wp-json\/wp\/v2\/comments?post=17506"}],"version-history":[{"count":1,"href":"https:\/\/a3noticias.com.mx\/sandbox\/wp-json\/wp\/v2\/posts\/17506\/revisions"}],"predecessor-version":[{"id":17508,"href":"https:\/\/a3noticias.com.mx\/sandbox\/wp-json\/wp\/v2\/posts\/17506\/revisions\/17508"}],"wp:featuredmedia":[{"embeddable":true,"href":"https:\/\/a3noticias.com.mx\/sandbox\/wp-json\/wp\/v2\/media\/17507"}],"wp:attachment":[{"href":"https:\/\/a3noticias.com.mx\/sandbox\/wp-json\/wp\/v2\/media?parent=17506"}],"wp:term":[{"taxonomy":"category","embeddable":true,"href":"https:\/\/a3noticias.com.mx\/sandbox\/wp-json\/wp\/v2\/categories?post=17506"},{"taxonomy":"post_tag","embeddable":true,"href":"https:\/\/a3noticias.com.mx\/sandbox\/wp-json\/wp\/v2\/tags?post=17506"}],"curies":[{"name":"wp","href":"https:\/\/api.w.org\/{rel}","templated":true}]}}