{"id":17515,"date":"2021-12-09T13:11:49","date_gmt":"2021-12-09T19:11:49","guid":{"rendered":"https:\/\/a3noticias.com.mx\/sandbox\/?p=17515"},"modified":"2021-12-09T13:11:52","modified_gmt":"2021-12-09T19:11:52","slug":"capacitaran-a-personas-liberadas-de-los-penales-para-que-encuentren-empleo","status":"publish","type":"post","link":"https:\/\/a3noticias.com.mx\/sandbox\/2021\/12\/09\/capacitaran-a-personas-liberadas-de-los-penales-para-que-encuentren-empleo\/","title":{"rendered":"Capacitar\u00e1n a personas liberadas de los penales para que encuentren empleo"},"content":{"rendered":"\n<p>A partir de enero del pr\u00f3ximo a\u00f1o, para incentivar la sana reinserci\u00f3n social de las personas liberadas de los centros penitenciarios locales, se llevar\u00e1 a cabo un programa de capacitaci\u00f3n por parte de la C\u00e1mara Nacional de la Industria de Transformaci\u00f3n (Canacintra), en Quer\u00e9taro, para que estos puedan encontrar empleo o emprender.<\/p>\n\n\n\n<p>El programa est\u00e1 enfocado en la formaci\u00f3n laboral y el desarrollo humano integral de las personas liberadas y pre liberadas de los Centros Penitenciarios estatales y con ello se busca que a trav\u00e9s de din\u00e1micas, videos y ejercicios pr\u00e1cticos aprendan a desarrollar un negocio, emprendimiento o bien, vincularlos para conseguir un empleo.<\/p>\n\n\n\n<p>Ser\u00e1n dos meses de capacitaci\u00f3n y estar\u00e1n divididos en dos grupos: personas liberadas y personas pre liberadas que estar\u00e1n llevando su sentencia en libertad. Se pretende comenzar en enero de 2022 con alrededor de 300 personas.<\/p>\n\n\n\n<p>Para que las personas que buscan reinsertarse a la sociedad puedan llevar una vida digna y productiva, las autoridades de los Centros Penitenciarios se\u00f1alan que es necesario que tanto instituciones p\u00fablicas como privadas, apoyen a la causa para que estas personas puedan acceder a un trabajo que eleve su calidad de vida.<\/p>\n","protected":false},"excerpt":{"rendered":"<p>A partir de enero del pr\u00f3ximo a\u00f1o, para incentivar la sana reinserci\u00f3n social de las personas liberadas de los centros penitenciarios locales, se llevar\u00e1 a cabo un programa de capacitaci\u00f3n &hellip; <a href=\"https:\/\/a3noticias.com.mx\/sandbox\/2021\/12\/09\/capacitaran-a-personas-liberadas-de-los-penales-para-que-encuentren-empleo\/\" class=\"more-link\">Leer m\u00e1s<\/a><\/p>\n","protected":false},"author":4,"featured_media":17516,"comment_status":"open","ping_status":"open","sticky":false,"template":"","format":"standard","meta":{"_monsterinsights_skip_tracking":false,"_monsterinsights_sitenote_active":false,"_monsterinsights_sitenote_note":"","_monsterinsights_sitenote_category":0,"footnotes":""},"categories":[2],"tags":[],"class_list":["post-17515","post","type-post","status-publish","format-standard","has-post-thumbnail","hentry","category-qro","entry"],"aioseo_notices":[],"_links":{"self":[{"href":"https:\/\/a3noticias.com.mx\/sandbox\/wp-json\/wp\/v2\/posts\/17515","targetHints":{"allow":["GET"]}}],"collection":[{"href":"https:\/\/a3noticias.com.mx\/sandbox\/wp-json\/wp\/v2\/posts"}],"about":[{"href":"https:\/\/a3noticias.com.mx\/sandbox\/wp-json\/wp\/v2\/types\/post"}],"author":[{"embeddable":true,"href":"https:\/\/a3noticias.com.mx\/sandbox\/wp-json\/wp\/v2\/users\/4"}],"replies":[{"embeddable":true,"href":"https:\/\/a3noticias.com.mx\/sandbox\/wp-json\/wp\/v2\/comments?post=17515"}],"version-history":[{"count":1,"href":"https:\/\/a3noticias.com.mx\/sandbox\/wp-json\/wp\/v2\/posts\/17515\/revisions"}],"predecessor-version":[{"id":17517,"href":"https:\/\/a3noticias.com.mx\/sandbox\/wp-json\/wp\/v2\/posts\/17515\/revisions\/17517"}],"wp:featuredmedia":[{"embeddable":true,"href":"https:\/\/a3noticias.com.mx\/sandbox\/wp-json\/wp\/v2\/media\/17516"}],"wp:attachment":[{"href":"https:\/\/a3noticias.com.mx\/sandbox\/wp-json\/wp\/v2\/media?parent=17515"}],"wp:term":[{"taxonomy":"category","embeddable":true,"href":"https:\/\/a3noticias.com.mx\/sandbox\/wp-json\/wp\/v2\/categories?post=17515"},{"taxonomy":"post_tag","embeddable":true,"href":"https:\/\/a3noticias.com.mx\/sandbox\/wp-json\/wp\/v2\/tags?post=17515"}],"curies":[{"name":"wp","href":"https:\/\/api.w.org\/{rel}","templated":true}]}}