{"id":17518,"date":"2021-12-09T14:52:39","date_gmt":"2021-12-09T20:52:39","guid":{"rendered":"https:\/\/a3noticias.com.mx\/sandbox\/?p=17518"},"modified":"2021-12-09T14:52:42","modified_gmt":"2021-12-09T20:52:42","slug":"que-av-5-de-febrero-sea-regenerada-con-participacion-ciudadana-pide-agrupacion","status":"publish","type":"post","link":"https:\/\/a3noticias.com.mx\/sandbox\/2021\/12\/09\/que-av-5-de-febrero-sea-regenerada-con-participacion-ciudadana-pide-agrupacion\/","title":{"rendered":"Que Av. 5 de Febrero sea regenerada con participaci\u00f3n ciudadana, pide agrupaci\u00f3n."},"content":{"rendered":"\n<p>De acuerdo con la agrupaci\u00f3n \u201cQM 21 Coalici\u00f3n Ciudadana por la Movilidad Sostenible de Quer\u00e9taro, en la Avenida 5 de Febrero se requiere una regeneraci\u00f3n en la que, mediante organizaciones civiles, haya participaci\u00f3n ciudadana.&nbsp;<\/p>\n\n\n\n<p>El grupo entregar\u00e1 una propuesta de&nbsp; planeaci\u00f3n y mejoramiento urbano a las autoridades, con el objetivo de que se integre a los planes de mejoramiento vial de la ciudad.<\/p>\n\n\n\n<p>Entre dichas acciones se contempla el&nbsp; generar un compendio de estrategias y criterios integrales para lograr una movilidad sostenible, realizar llamadas al Gobierno estatal y a sus dependencias para que contemple instrumentos y metodolog\u00edas de participaci\u00f3n ciudadana en las fases del proyecto, especialmente en las obras que suponen alto impacto urbano, social y ecol\u00f3gico como el presente caso, y la entrega de una propuesta de dise\u00f1o a las autoridades, la cual contempla soluciones de intersecciones viales urgentes, redimensionamiento y redistribuci\u00f3n de carriles para garantizar la movilidad motorizada, el transporte masivo, las banquetas con accesibilidad universal e infraestructura verde, entre otros aspectos.<\/p>\n\n\n\n<p>Los resultados de sus avances en propuestas de planeaci\u00f3n urbana se entregar\u00e1n a las autoridades de manera peri\u00f3dica, asegur\u00f3 Mariana Covarrubias, vocera de la organizaci\u00f3n.<\/p>\n\n\n\n<p>La coalici\u00f3n est\u00e1 integrada por las agrupaciones Centro Gente Ciudad, el Consejo Municipal de Urbanismo y Movilidad de Quer\u00e9taro, Ciudadan\u00eda Queretaro, el colectivo Ehya, el Frente Queretano por el Derecho a la No Discriminaci\u00f3n y el Estado Laico, Foropolis cap\u00edtulo Quer\u00e9taro, Libre a Bordo, el Observatorio Ciudadano de Movilidad y Saca La Bici, entre otros.<\/p>\n","protected":false},"excerpt":{"rendered":"<p>De acuerdo con la agrupaci\u00f3n \u201cQM 21 Coalici\u00f3n Ciudadana por la Movilidad Sostenible de Quer\u00e9taro, en la Avenida 5 de Febrero se requiere una regeneraci\u00f3n en la que, mediante organizaciones &hellip; <a href=\"https:\/\/a3noticias.com.mx\/sandbox\/2021\/12\/09\/que-av-5-de-febrero-sea-regenerada-con-participacion-ciudadana-pide-agrupacion\/\" class=\"more-link\">Leer m\u00e1s<\/a><\/p>\n","protected":false},"author":2,"featured_media":17299,"comment_status":"open","ping_status":"open","sticky":false,"template":"","format":"standard","meta":{"_monsterinsights_skip_tracking":false,"_monsterinsights_sitenote_active":false,"_monsterinsights_sitenote_note":"","_monsterinsights_sitenote_category":0,"footnotes":""},"categories":[2],"tags":[],"class_list":["post-17518","post","type-post","status-publish","format-standard","has-post-thumbnail","hentry","category-qro","entry"],"aioseo_notices":[],"_links":{"self":[{"href":"https:\/\/a3noticias.com.mx\/sandbox\/wp-json\/wp\/v2\/posts\/17518","targetHints":{"allow":["GET"]}}],"collection":[{"href":"https:\/\/a3noticias.com.mx\/sandbox\/wp-json\/wp\/v2\/posts"}],"about":[{"href":"https:\/\/a3noticias.com.mx\/sandbox\/wp-json\/wp\/v2\/types\/post"}],"author":[{"embeddable":true,"href":"https:\/\/a3noticias.com.mx\/sandbox\/wp-json\/wp\/v2\/users\/2"}],"replies":[{"embeddable":true,"href":"https:\/\/a3noticias.com.mx\/sandbox\/wp-json\/wp\/v2\/comments?post=17518"}],"version-history":[{"count":1,"href":"https:\/\/a3noticias.com.mx\/sandbox\/wp-json\/wp\/v2\/posts\/17518\/revisions"}],"predecessor-version":[{"id":17519,"href":"https:\/\/a3noticias.com.mx\/sandbox\/wp-json\/wp\/v2\/posts\/17518\/revisions\/17519"}],"wp:featuredmedia":[{"embeddable":true,"href":"https:\/\/a3noticias.com.mx\/sandbox\/wp-json\/wp\/v2\/media\/17299"}],"wp:attachment":[{"href":"https:\/\/a3noticias.com.mx\/sandbox\/wp-json\/wp\/v2\/media?parent=17518"}],"wp:term":[{"taxonomy":"category","embeddable":true,"href":"https:\/\/a3noticias.com.mx\/sandbox\/wp-json\/wp\/v2\/categories?post=17518"},{"taxonomy":"post_tag","embeddable":true,"href":"https:\/\/a3noticias.com.mx\/sandbox\/wp-json\/wp\/v2\/tags?post=17518"}],"curies":[{"name":"wp","href":"https:\/\/api.w.org\/{rel}","templated":true}]}}