{"id":17524,"date":"2021-12-10T10:23:26","date_gmt":"2021-12-10T16:23:26","guid":{"rendered":"https:\/\/a3noticias.com.mx\/sandbox\/?p=17524"},"modified":"2021-12-10T10:23:29","modified_gmt":"2021-12-10T16:23:29","slug":"trailer-accidentado-en-chiapas-llevaba-160-migrantes-centroamericanos-19-de-ellos-menores-de-edad-gn","status":"publish","type":"post","link":"https:\/\/a3noticias.com.mx\/sandbox\/2021\/12\/10\/trailer-accidentado-en-chiapas-llevaba-160-migrantes-centroamericanos-19-de-ellos-menores-de-edad-gn\/","title":{"rendered":"Trailer accidentado en Chiapas llevaba 160 migrantes centroamericanos, 19 de ellos, menores de edad: GN"},"content":{"rendered":"\n<p>Durante la conferencia de prensa \u2018La Ma\u00f1anera\u2019, Luis Rodr\u00edguez Bucio, dio a conocer que los migrantes que resultaron heridos tras un accidente en Chiapas hab\u00edan ingresado por la frontera con Guatemala hace algunos d\u00edas.&nbsp;<\/p>\n\n\n\n<blockquote class=\"wp-block-quote is-layout-flow wp-block-quote-is-layout-flow\"><p>\u201cSeg\u00fan testimonios de los propios migrantes, ellos ingresaron desde varios d\u00edas antes desde la frontera a M\u00e9xico-Guatemala, La Mesilla, y se concentraron en San Crist\u00f3bal en casas de seguridad en las cuales los alojaron personas dedicadas al tr\u00e1fico de personas. Ayer los subieron a las cajas de trailer y a las 14:00 horas iniciaron su movimiento\u201d<\/p><\/blockquote>\n\n\n\n<p>Detall\u00f3 que en el tr\u00e1iler, el cual no pas\u00f3 por ning\u00fan ret\u00e9n, viajaban alrededor de 166 migrantes, entre los que se encontraban 19 menores de edad provenientes de Guatemala y Honduras.&nbsp;<\/p>\n\n\n\n<blockquote class=\"wp-block-quote is-layout-flow wp-block-quote-is-layout-flow\"><p>\u201cEstaban hasta ayer siete personas con identidad desconocida. Las nacionalidades de las personas lesionadas: 95 de Guatemala, una de Honduras, una de M\u00e9xico, una de Ecuador, tres de Rep\u00fablica Dominicana y cuatro sin definir. Adem\u00e1s 19 menores de edad de Guatemala y Honduras (&#8230;) es importante recalcar que este veh\u00edculo no hab\u00eda cruzado ninguno de los puestos de revisi\u00f3n que se tiene para rescate de migrantes. Cerca de las 17:00 horas la Fiscal\u00eda de Chiapas inici\u00f3 la carpeta de investigaci\u00f3n por delito de homicidio hasta encontrar a quien resulte responsable. La FGR dio a conocer que atrae el caso\u201d.<\/p><\/blockquote>\n\n\n\n<p>Por su parte, el presidente Andr\u00e9s Manuel L\u00f3pez Obrador L\u00f3pez Obrador lament\u00f3 la muertes de migrantes tras la volcadura del tr\u00e1iler que los transportaba y record\u00f3 que ha insistido en combatir la migraci\u00f3n atendiendo sus causas, d\u00e1ndole oportunidades a la gente para que no tenga que salir de sus comunidades y pa\u00edses de origen, pues se\u00f1al\u00f3 que la desigualdad es la que obliga a miles de familias a salir de sus hogares en busca de una vida mejor.<\/p>\n\n\n\n<blockquote class=\"wp-block-quote is-layout-flow wp-block-quote-is-layout-flow\"><p>\u201cExpresar nuestro dolor por estos hechos tan lamentables, tristes y enviar un abrazo fraterno a los familiares de los que perdieron la vida en este accidente, eso es lo principal, duele mucho cuando se dan estos casos\u201d,\u00a0<\/p><\/blockquote>\n\n\n\n<p>Con el reinicio del programa Qu\u00e9date en M\u00e9xico, el gobierno de M\u00e9xico tiene la oportunidad de cuidar a los migrantes que pasan por su territorio, dijo el Presidente.&nbsp;<\/p>\n\n\n\n<blockquote class=\"wp-block-quote is-layout-flow wp-block-quote-is-layout-flow\"><p>\u201cEs un programa que va a seguir permitiendo que cuidemos nosotros a los migrantes y lo vamos a seguir haciendo, pero estamos hablando de flujos migratorios de miles de personas, entonces hay que atender los problemas en las comunidades origen\u201d<\/p><\/blockquote>\n\n\n\n<p>El jefe del Ejecutivo resalt\u00f3 que hay 300 mil centroamericanos en riesgo de migrar hacia Estados Unidos y consider\u00f3 que el accidente ocurrido debe servir para que se resuelva el problema de fondo. Dej\u00f3 en claro que la pol\u00edtica migratoria nacional no cambiar\u00e1, porque la crisis no se resuelve con medidas coercitivas, sino con oportunidades de trabajo y bienestar.&nbsp;<\/p>\n","protected":false},"excerpt":{"rendered":"<p>Durante la conferencia de prensa \u2018La Ma\u00f1anera\u2019, Luis Rodr\u00edguez Bucio, dio a conocer que los migrantes que resultaron heridos tras un accidente en Chiapas hab\u00edan ingresado por la frontera con &hellip; <a href=\"https:\/\/a3noticias.com.mx\/sandbox\/2021\/12\/10\/trailer-accidentado-en-chiapas-llevaba-160-migrantes-centroamericanos-19-de-ellos-menores-de-edad-gn\/\" class=\"more-link\">Leer m\u00e1s<\/a><\/p>\n","protected":false},"author":2,"featured_media":17525,"comment_status":"open","ping_status":"open","sticky":false,"template":"","format":"standard","meta":{"_monsterinsights_skip_tracking":false,"_monsterinsights_sitenote_active":false,"_monsterinsights_sitenote_note":"","_monsterinsights_sitenote_category":0,"footnotes":""},"categories":[3],"tags":[],"class_list":["post-17524","post","type-post","status-publish","format-standard","has-post-thumbnail","hentry","category-nal","entry"],"aioseo_notices":[],"_links":{"self":[{"href":"https:\/\/a3noticias.com.mx\/sandbox\/wp-json\/wp\/v2\/posts\/17524","targetHints":{"allow":["GET"]}}],"collection":[{"href":"https:\/\/a3noticias.com.mx\/sandbox\/wp-json\/wp\/v2\/posts"}],"about":[{"href":"https:\/\/a3noticias.com.mx\/sandbox\/wp-json\/wp\/v2\/types\/post"}],"author":[{"embeddable":true,"href":"https:\/\/a3noticias.com.mx\/sandbox\/wp-json\/wp\/v2\/users\/2"}],"replies":[{"embeddable":true,"href":"https:\/\/a3noticias.com.mx\/sandbox\/wp-json\/wp\/v2\/comments?post=17524"}],"version-history":[{"count":1,"href":"https:\/\/a3noticias.com.mx\/sandbox\/wp-json\/wp\/v2\/posts\/17524\/revisions"}],"predecessor-version":[{"id":17526,"href":"https:\/\/a3noticias.com.mx\/sandbox\/wp-json\/wp\/v2\/posts\/17524\/revisions\/17526"}],"wp:featuredmedia":[{"embeddable":true,"href":"https:\/\/a3noticias.com.mx\/sandbox\/wp-json\/wp\/v2\/media\/17525"}],"wp:attachment":[{"href":"https:\/\/a3noticias.com.mx\/sandbox\/wp-json\/wp\/v2\/media?parent=17524"}],"wp:term":[{"taxonomy":"category","embeddable":true,"href":"https:\/\/a3noticias.com.mx\/sandbox\/wp-json\/wp\/v2\/categories?post=17524"},{"taxonomy":"post_tag","embeddable":true,"href":"https:\/\/a3noticias.com.mx\/sandbox\/wp-json\/wp\/v2\/tags?post=17524"}],"curies":[{"name":"wp","href":"https:\/\/api.w.org\/{rel}","templated":true}]}}