{"id":17527,"date":"2021-12-10T12:00:17","date_gmt":"2021-12-10T18:00:17","guid":{"rendered":"https:\/\/a3noticias.com.mx\/sandbox\/?p=17527"},"modified":"2021-12-10T12:00:20","modified_gmt":"2021-12-10T18:00:20","slug":"fundacion-proart-presenta-arte-con-causa-una-funcion-una-donacion-para-impulsar-el-talento","status":"publish","type":"post","link":"https:\/\/a3noticias.com.mx\/sandbox\/2021\/12\/10\/fundacion-proart-presenta-arte-con-causa-una-funcion-una-donacion-para-impulsar-el-talento\/","title":{"rendered":"Fundaci\u00f3n ProArt presenta: \u00abArte con causa: Una funci\u00f3n, una donaci\u00f3n\u00bb para impulsar el talento."},"content":{"rendered":"\n<p>El Centro de Danza y Arte Proart , como una manera de impulsar el talento queretano, as\u00ed como para incentivar y reactivar la actividad econ\u00f3mica del estado por medio del arte, y posicionar la danza como una forma de vida que contribuye de manera paralela a la salud emocional de cada individuo,&nbsp; present\u00f3 el proyecto \u201cArte Con causa Una funci\u00f3n, una donaci\u00f3n\u201d.<\/p>\n\n\n\n<p>&nbsp;Con este plan, Fundaci\u00f3n ProArt busca contribuir al resurgimiento de la industria creativa y art\u00edstica a trav\u00e9s de la danza, promoviendo su valor e importancia en la sociedad como alimento espiritual, para esto la instituci\u00f3n donar\u00e1 por cada boleto comprado una parte para apoyar las causas.&nbsp;<\/p>\n\n\n\n<figure class=\"wp-block-image size-full\"><img loading=\"lazy\" decoding=\"async\" width=\"1180\" height=\"759\" src=\"https:\/\/a3noticias.com.mx\/sandbox\/wp-content\/uploads\/2021\/12\/Captura-de-Pantalla-2021-12-10-a-las-11.56.25.png\" alt=\"\" class=\"wp-image-17538\" srcset=\"https:\/\/a3noticias.com.mx\/sandbox\/wp-content\/uploads\/2021\/12\/Captura-de-Pantalla-2021-12-10-a-las-11.56.25.png 1180w, https:\/\/a3noticias.com.mx\/sandbox\/wp-content\/uploads\/2021\/12\/Captura-de-Pantalla-2021-12-10-a-las-11.56.25-300x193.png 300w, https:\/\/a3noticias.com.mx\/sandbox\/wp-content\/uploads\/2021\/12\/Captura-de-Pantalla-2021-12-10-a-las-11.56.25-140x90.png 140w, https:\/\/a3noticias.com.mx\/sandbox\/wp-content\/uploads\/2021\/12\/Captura-de-Pantalla-2021-12-10-a-las-11.56.25-768x494.png 768w\" sizes=\"auto, (max-width: 1180px) 100vw, 1180px\" \/><\/figure>\n\n\n\n<p>El objetivo de \u201cuna funci\u00f3n, una donaci\u00f3n\u201d es sumar esfuerzos con diversos actores de la sociedad, que con su apoyo contribuyan en conjunto al resurgimiento con mayor fuerza de proyectos art\u00edsticos que adem\u00e1s de haberse visto afectados por la pandemia, siempre han sido poco valorados, forzando a talentos a desistir de su sue\u00f1o por falta de oportunidades.<\/p>\n\n\n\n<p>El espect\u00e1culo se titula \u201cLa misma Otredad\u201d, una mezcla de distintas disciplinas danc\u00edsticas que viajan desde el neocl\u00e1sico, el flamenco, las danzas estilizadas espa\u00f1olas y la nueva corriente contempor\u00e1nea, con un discurso novedoso y concatenado.&nbsp;<\/p>\n\n\n\n<figure class=\"wp-block-image size-full\"><img loading=\"lazy\" decoding=\"async\" width=\"1180\" height=\"777\" src=\"https:\/\/a3noticias.com.mx\/sandbox\/wp-content\/uploads\/2021\/12\/Captura-de-Pantalla-2021-12-10-a-las-11.56.47.png\" alt=\"\" class=\"wp-image-17539\" srcset=\"https:\/\/a3noticias.com.mx\/sandbox\/wp-content\/uploads\/2021\/12\/Captura-de-Pantalla-2021-12-10-a-las-11.56.47.png 1180w, https:\/\/a3noticias.com.mx\/sandbox\/wp-content\/uploads\/2021\/12\/Captura-de-Pantalla-2021-12-10-a-las-11.56.47-300x198.png 300w, https:\/\/a3noticias.com.mx\/sandbox\/wp-content\/uploads\/2021\/12\/Captura-de-Pantalla-2021-12-10-a-las-11.56.47-137x90.png 137w, https:\/\/a3noticias.com.mx\/sandbox\/wp-content\/uploads\/2021\/12\/Captura-de-Pantalla-2021-12-10-a-las-11.56.47-768x506.png 768w\" sizes=\"auto, (max-width: 1180px) 100vw, 1180px\" \/><\/figure>\n\n\n\n<p>En el evento se presentaron compa\u00f1\u00edas de alto perfil profesional e internacional creadas en la Instituci\u00f3n: Ballet Infantil Proart, Ballet Juvenil Proart de Danza Cl\u00e1sica y Espa\u00f1ola y Compa\u00f1\u00eda Internacional Proart.<\/p>\n\n\n\n<p>Fundaci\u00f3n ProArt ha promovido e impulsado desde sus inicios diversas causas sociales a favor de la ciudadan\u00eda queretana, otorgando 250 becas a bailarines para estudiar en instituciones de prestigio internacional; 600 becas para estudiar en el Centro de Danza y Arte Proart; adem\u00e1s de tener entre sus proyectos m\u00e1s destacados el \u201cFestival Internacional de Danza Ib\u00e9rica Contempor\u00e1nea\u201d, el proyecto \u201cDescubre las Am\u00e9ricas\u201d, \u201cTerritorio T\u00f3tem\u201d y \u201cPintando Menchaca juntos\u201d, adem\u00e1s de la creaci\u00f3n del Centro de Danza y Arte Proart que lleva m\u00e1s de 20 a\u00f1os formando talentos en la danza y el arte.&nbsp;<\/p>\n\n\n\n<figure class=\"wp-block-image size-full\"><img loading=\"lazy\" decoding=\"async\" width=\"1191\" height=\"787\" src=\"https:\/\/a3noticias.com.mx\/sandbox\/wp-content\/uploads\/2021\/12\/Captura-de-Pantalla-2021-12-10-a-las-11.56.58.png\" alt=\"\" class=\"wp-image-17540\" srcset=\"https:\/\/a3noticias.com.mx\/sandbox\/wp-content\/uploads\/2021\/12\/Captura-de-Pantalla-2021-12-10-a-las-11.56.58.png 1191w, https:\/\/a3noticias.com.mx\/sandbox\/wp-content\/uploads\/2021\/12\/Captura-de-Pantalla-2021-12-10-a-las-11.56.58-300x198.png 300w, https:\/\/a3noticias.com.mx\/sandbox\/wp-content\/uploads\/2021\/12\/Captura-de-Pantalla-2021-12-10-a-las-11.56.58-136x90.png 136w, https:\/\/a3noticias.com.mx\/sandbox\/wp-content\/uploads\/2021\/12\/Captura-de-Pantalla-2021-12-10-a-las-11.56.58-768x507.png 768w\" sizes=\"auto, (max-width: 1191px) 100vw, 1191px\" \/><\/figure>\n\n\n\n<p>Durante el evento estuvieron la Secretaria de Cultura estatal, Marcela Herbert Pesquera, la Diputada por el Partido Acci\u00f3n Nacional en la LX Legislatura del Estado, Ana Paola L\u00f3pez Birlain, as\u00ed como la presidenta del Patronato del Sistema Estatal DIF en Quer\u00e9taro, Car Herrera de Kuri.<\/p>\n\n\n\n<p>Al t\u00e9rmino del espect\u00e1culo danc\u00edstico, los asistentes pudieron disfrutar en el recinto de la exposici\u00f3n fotogr\u00e1fica del aclamado fot\u00f3grafo mexicano Edgar Olgu\u00edn.<\/p>\n","protected":false},"excerpt":{"rendered":"<p>El Centro de Danza y Arte Proart , como una manera de impulsar el talento queretano, as\u00ed como para incentivar y reactivar la actividad econ\u00f3mica del estado por medio del &hellip; <a href=\"https:\/\/a3noticias.com.mx\/sandbox\/2021\/12\/10\/fundacion-proart-presenta-arte-con-causa-una-funcion-una-donacion-para-impulsar-el-talento\/\" class=\"more-link\">Leer m\u00e1s<\/a><\/p>\n","protected":false},"author":2,"featured_media":17541,"comment_status":"open","ping_status":"open","sticky":false,"template":"","format":"standard","meta":{"_monsterinsights_skip_tracking":false,"_monsterinsights_sitenote_active":false,"_monsterinsights_sitenote_note":"","_monsterinsights_sitenote_category":0,"footnotes":""},"categories":[9,13,2],"tags":[],"class_list":["post-17527","post","type-post","status-publish","format-standard","has-post-thumbnail","hentry","category-cultura","category-entretenimiento","category-qro","entry"],"aioseo_notices":[],"_links":{"self":[{"href":"https:\/\/a3noticias.com.mx\/sandbox\/wp-json\/wp\/v2\/posts\/17527","targetHints":{"allow":["GET"]}}],"collection":[{"href":"https:\/\/a3noticias.com.mx\/sandbox\/wp-json\/wp\/v2\/posts"}],"about":[{"href":"https:\/\/a3noticias.com.mx\/sandbox\/wp-json\/wp\/v2\/types\/post"}],"author":[{"embeddable":true,"href":"https:\/\/a3noticias.com.mx\/sandbox\/wp-json\/wp\/v2\/users\/2"}],"replies":[{"embeddable":true,"href":"https:\/\/a3noticias.com.mx\/sandbox\/wp-json\/wp\/v2\/comments?post=17527"}],"version-history":[{"count":1,"href":"https:\/\/a3noticias.com.mx\/sandbox\/wp-json\/wp\/v2\/posts\/17527\/revisions"}],"predecessor-version":[{"id":17542,"href":"https:\/\/a3noticias.com.mx\/sandbox\/wp-json\/wp\/v2\/posts\/17527\/revisions\/17542"}],"wp:featuredmedia":[{"embeddable":true,"href":"https:\/\/a3noticias.com.mx\/sandbox\/wp-json\/wp\/v2\/media\/17541"}],"wp:attachment":[{"href":"https:\/\/a3noticias.com.mx\/sandbox\/wp-json\/wp\/v2\/media?parent=17527"}],"wp:term":[{"taxonomy":"category","embeddable":true,"href":"https:\/\/a3noticias.com.mx\/sandbox\/wp-json\/wp\/v2\/categories?post=17527"},{"taxonomy":"post_tag","embeddable":true,"href":"https:\/\/a3noticias.com.mx\/sandbox\/wp-json\/wp\/v2\/tags?post=17527"}],"curies":[{"name":"wp","href":"https:\/\/api.w.org\/{rel}","templated":true}]}}