{"id":17543,"date":"2021-12-10T12:38:52","date_gmt":"2021-12-10T18:38:52","guid":{"rendered":"https:\/\/a3noticias.com.mx\/sandbox\/?p=17543"},"modified":"2021-12-10T12:38:54","modified_gmt":"2021-12-10T18:38:54","slug":"kuri-senalo-que-sera-subsecretaria-de-derechos-humanos-quien-investigue-presuntos-delitos-en-penales","status":"publish","type":"post","link":"https:\/\/a3noticias.com.mx\/sandbox\/2021\/12\/10\/kuri-senalo-que-sera-subsecretaria-de-derechos-humanos-quien-investigue-presuntos-delitos-en-penales\/","title":{"rendered":"Kuri se\u00f1al\u00f3 que ser\u00e1 Subsecretar\u00eda de Derechos Humanos quien investigue presuntos delitos en penales."},"content":{"rendered":"\n<p>El gobernador del estado, Mauricio Kuri Gonz\u00e1lez, inform\u00f3 que dio instrucciones de que se investiguen los presuntos delitos al interior de los centros penitenciarios, y que ser\u00e1 la reci\u00e9n creada Subsecretar\u00eda de Derechos Humanos de Quer\u00e9taro la que tomar\u00e1 el caso.<\/p>\n\n\n\n<p>Esto luego de que el Instituto Nacional de Estad\u00edstica y Geograf\u00eda (INEGI) publicara un estudio en el que se denuncia que el 46 por ciento de los internos de los penales en Quer\u00e9taro han sido v\u00edctimas de alg\u00fan delito como violencia sexual, extorsi\u00f3n y otros.<\/p>\n\n\n\n<blockquote class=\"wp-block-quote is-layout-flow wp-block-quote-is-layout-flow\"><p>\u201cHay una subsecretar\u00eda destinada a los derechos humanos y por supuesto que lo estaremos investigando (&#8230;) es un tema muy preocupante, vimos lo que pas\u00f3 en Hidalgo en el centro penitenciario de all\u00e1 y no podemos permitir que eso suceda en Quer\u00e9taro\u201d.\u00a0<\/p><\/blockquote>\n\n\n\n<p>En dicho estudio expuesto por el INEGI se revelaron estas violaciones a los derechos humanos, pese a que los centros penitenciarios del estado cuentan con certificaciones tanto nacionales como internacionales.&nbsp;<\/p>\n","protected":false},"excerpt":{"rendered":"<p>El gobernador del estado, Mauricio Kuri Gonz\u00e1lez, inform\u00f3 que dio instrucciones de que se investiguen los presuntos delitos al interior de los centros penitenciarios, y que ser\u00e1 la reci\u00e9n creada &hellip; <a href=\"https:\/\/a3noticias.com.mx\/sandbox\/2021\/12\/10\/kuri-senalo-que-sera-subsecretaria-de-derechos-humanos-quien-investigue-presuntos-delitos-en-penales\/\" class=\"more-link\">Leer m\u00e1s<\/a><\/p>\n","protected":false},"author":2,"featured_media":17544,"comment_status":"open","ping_status":"open","sticky":false,"template":"","format":"standard","meta":{"_monsterinsights_skip_tracking":false,"_monsterinsights_sitenote_active":false,"_monsterinsights_sitenote_note":"","_monsterinsights_sitenote_category":0,"footnotes":""},"categories":[2],"tags":[],"class_list":["post-17543","post","type-post","status-publish","format-standard","has-post-thumbnail","hentry","category-qro","entry"],"aioseo_notices":[],"_links":{"self":[{"href":"https:\/\/a3noticias.com.mx\/sandbox\/wp-json\/wp\/v2\/posts\/17543","targetHints":{"allow":["GET"]}}],"collection":[{"href":"https:\/\/a3noticias.com.mx\/sandbox\/wp-json\/wp\/v2\/posts"}],"about":[{"href":"https:\/\/a3noticias.com.mx\/sandbox\/wp-json\/wp\/v2\/types\/post"}],"author":[{"embeddable":true,"href":"https:\/\/a3noticias.com.mx\/sandbox\/wp-json\/wp\/v2\/users\/2"}],"replies":[{"embeddable":true,"href":"https:\/\/a3noticias.com.mx\/sandbox\/wp-json\/wp\/v2\/comments?post=17543"}],"version-history":[{"count":1,"href":"https:\/\/a3noticias.com.mx\/sandbox\/wp-json\/wp\/v2\/posts\/17543\/revisions"}],"predecessor-version":[{"id":17545,"href":"https:\/\/a3noticias.com.mx\/sandbox\/wp-json\/wp\/v2\/posts\/17543\/revisions\/17545"}],"wp:featuredmedia":[{"embeddable":true,"href":"https:\/\/a3noticias.com.mx\/sandbox\/wp-json\/wp\/v2\/media\/17544"}],"wp:attachment":[{"href":"https:\/\/a3noticias.com.mx\/sandbox\/wp-json\/wp\/v2\/media?parent=17543"}],"wp:term":[{"taxonomy":"category","embeddable":true,"href":"https:\/\/a3noticias.com.mx\/sandbox\/wp-json\/wp\/v2\/categories?post=17543"},{"taxonomy":"post_tag","embeddable":true,"href":"https:\/\/a3noticias.com.mx\/sandbox\/wp-json\/wp\/v2\/tags?post=17543"}],"curies":[{"name":"wp","href":"https:\/\/api.w.org\/{rel}","templated":true}]}}