{"id":17549,"date":"2021-12-10T16:16:14","date_gmt":"2021-12-10T22:16:14","guid":{"rendered":"https:\/\/a3noticias.com.mx\/sandbox\/?p=17549"},"modified":"2021-12-10T16:16:16","modified_gmt":"2021-12-10T22:16:16","slug":"hay-tres-propuestas-para-para-proyecto-en-avenida-5-de-febrero-sduop","status":"publish","type":"post","link":"https:\/\/a3noticias.com.mx\/sandbox\/2021\/12\/10\/hay-tres-propuestas-para-para-proyecto-en-avenida-5-de-febrero-sduop\/","title":{"rendered":"Hay tres propuestas para para proyecto en Avenida 5 de Febrero: SDUOP"},"content":{"rendered":"\n<p>Fernando Gonz\u00e1lez, titular de la Secretar\u00eda de Desarrollo Urbano y Obras (SDUOP) inform\u00f3 que hay tres propuestas para el proyecto de movilidad en la Avenida 5 de Febrero.&nbsp;<\/p>\n\n\n\n<p>La primera fue propuesta fue presentada por el Colegio de Ingenieros, la cual prioriza la movilidad relacionada con las ciclov\u00edas, carriles confinados, as\u00ed como hacer m\u00e1s eficientes los puentes.<\/p>\n\n\n\n<p>Por su parte, el&nbsp; Colegio de Arquitectos present\u00f3 dos propuestas: una con relaci\u00f3n a un an\u00e1lisis integral para 5 de Febrero; y otra relacionada con una alternativa para avenida Constituyentes y poder aliviar el tr\u00e1fico hasta Bernardo Quintana.&nbsp;<\/p>\n\n\n\n<blockquote class=\"wp-block-quote is-layout-flow wp-block-quote-is-layout-flow\"><p>\u201cEl asunto de la 5 de Febrero no es un problema de 5 de Febrero solamente, es un problema de movilidad de toda la ciudad, entonces para mitigar un poco este efecto tambi\u00e9n se hizo una propuesta de abrir Constituyentes para que la gente, los deseos de movimientos, tambi\u00e9n se den en Constituyentes\u201d.\u00a0<\/p><\/blockquote>\n\n\n\n<p>El secretario se\u00f1al\u00f3 que a partir de estas propuestas se busca construir un solo proyecto, el cual se presentar\u00e1 el pr\u00f3ximo a\u00f1o para buscar su viabilidad.<\/p>\n\n\n\n<blockquote class=\"wp-block-quote is-layout-flow wp-block-quote-is-layout-flow\"><p>\u201cYo quiero destacar la participaci\u00f3n de los dos colegios, se nota que le invirtieron mucho tiempo. La propuesta del Colegio de Arquitectos es mucho m\u00e1s amplia, de todos los equipamientos, todos los usos de suelo y las condicionantes urbanas\u201d.<\/p><\/blockquote>\n","protected":false},"excerpt":{"rendered":"<p>Fernando Gonz\u00e1lez, titular de la Secretar\u00eda de Desarrollo Urbano y Obras (SDUOP) inform\u00f3 que hay tres propuestas para el proyecto de movilidad en la Avenida 5 de Febrero.&nbsp; La primera &hellip; <a href=\"https:\/\/a3noticias.com.mx\/sandbox\/2021\/12\/10\/hay-tres-propuestas-para-para-proyecto-en-avenida-5-de-febrero-sduop\/\" class=\"more-link\">Leer m\u00e1s<\/a><\/p>\n","protected":false},"author":2,"featured_media":17550,"comment_status":"open","ping_status":"open","sticky":false,"template":"","format":"standard","meta":{"_monsterinsights_skip_tracking":false,"_monsterinsights_sitenote_active":false,"_monsterinsights_sitenote_note":"","_monsterinsights_sitenote_category":0,"footnotes":""},"categories":[2],"tags":[],"class_list":["post-17549","post","type-post","status-publish","format-standard","has-post-thumbnail","hentry","category-qro","entry"],"aioseo_notices":[],"_links":{"self":[{"href":"https:\/\/a3noticias.com.mx\/sandbox\/wp-json\/wp\/v2\/posts\/17549","targetHints":{"allow":["GET"]}}],"collection":[{"href":"https:\/\/a3noticias.com.mx\/sandbox\/wp-json\/wp\/v2\/posts"}],"about":[{"href":"https:\/\/a3noticias.com.mx\/sandbox\/wp-json\/wp\/v2\/types\/post"}],"author":[{"embeddable":true,"href":"https:\/\/a3noticias.com.mx\/sandbox\/wp-json\/wp\/v2\/users\/2"}],"replies":[{"embeddable":true,"href":"https:\/\/a3noticias.com.mx\/sandbox\/wp-json\/wp\/v2\/comments?post=17549"}],"version-history":[{"count":1,"href":"https:\/\/a3noticias.com.mx\/sandbox\/wp-json\/wp\/v2\/posts\/17549\/revisions"}],"predecessor-version":[{"id":17551,"href":"https:\/\/a3noticias.com.mx\/sandbox\/wp-json\/wp\/v2\/posts\/17549\/revisions\/17551"}],"wp:featuredmedia":[{"embeddable":true,"href":"https:\/\/a3noticias.com.mx\/sandbox\/wp-json\/wp\/v2\/media\/17550"}],"wp:attachment":[{"href":"https:\/\/a3noticias.com.mx\/sandbox\/wp-json\/wp\/v2\/media?parent=17549"}],"wp:term":[{"taxonomy":"category","embeddable":true,"href":"https:\/\/a3noticias.com.mx\/sandbox\/wp-json\/wp\/v2\/categories?post=17549"},{"taxonomy":"post_tag","embeddable":true,"href":"https:\/\/a3noticias.com.mx\/sandbox\/wp-json\/wp\/v2\/tags?post=17549"}],"curies":[{"name":"wp","href":"https:\/\/api.w.org\/{rel}","templated":true}]}}