{"id":17552,"date":"2021-12-10T17:40:57","date_gmt":"2021-12-10T23:40:57","guid":{"rendered":"https:\/\/a3noticias.com.mx\/sandbox\/?p=17552"},"modified":"2021-12-10T17:40:59","modified_gmt":"2021-12-10T23:40:59","slug":"familiares-de-internos-se-manifiestan-en-penal-de-san-jose-el-alto-para-senalar-violaciones-a-los-derechos","status":"publish","type":"post","link":"https:\/\/a3noticias.com.mx\/sandbox\/2021\/12\/10\/familiares-de-internos-se-manifiestan-en-penal-de-san-jose-el-alto-para-senalar-violaciones-a-los-derechos\/","title":{"rendered":"Familiares de internos se manifiestan en penal de San Jos\u00e9 el Alto para se\u00f1alar violaciones a los derechos."},"content":{"rendered":"\n<p>Durante la ma\u00f1ana de este viernes, familiares de internos del Centro de Readaptaci\u00f3n Social (CERESO) de San Jos\u00e9 el Alto se manifestaron en contra de custodios, pues se\u00f1alan que estos&nbsp; violar los derechos de los reos.<\/p>\n\n\n\n<p>Las familias apuntaron que estos custodios est\u00e1n detr\u00e1s de casos de tortura contra presos y del asesinato de algunos de ellos, en donde presuntamente m\u00e1s de 20 reclusos han perdido la vida al interior del penal al ser golpeados. Revelaron que existen alrededor de 500 denuncias ante las autoridades correspondientes por estos hechos.<\/p>\n\n\n\n<p>En apoyo a los internos del CERESO, su familiares gritaron mensajes como \u201cNo m\u00e1s muerte y tortura, que se apliquen los derechos humanos\u201d,\u201dNo todos los internos son culpables,respeten sus derechos\u201d, \u201cQueremos verlos\u201d para buscar la ayuda de las autoridades correspondientes.&nbsp;<\/p>\n\n\n\n<p>Los manifestantes tambi\u00e9n mencionaron que al interior del penal existe venta de estupefacientes, por lo que piden investigar los hechos.<\/p>\n","protected":false},"excerpt":{"rendered":"<p>Durante la ma\u00f1ana de este viernes, familiares de internos del Centro de Readaptaci\u00f3n Social (CERESO) de San Jos\u00e9 el Alto se manifestaron en contra de custodios, pues se\u00f1alan que estos&nbsp; &hellip; <a href=\"https:\/\/a3noticias.com.mx\/sandbox\/2021\/12\/10\/familiares-de-internos-se-manifiestan-en-penal-de-san-jose-el-alto-para-senalar-violaciones-a-los-derechos\/\" class=\"more-link\">Leer m\u00e1s<\/a><\/p>\n","protected":false},"author":2,"featured_media":17553,"comment_status":"open","ping_status":"open","sticky":false,"template":"","format":"standard","meta":{"_monsterinsights_skip_tracking":false,"_monsterinsights_sitenote_active":false,"_monsterinsights_sitenote_note":"","_monsterinsights_sitenote_category":0,"footnotes":""},"categories":[2],"tags":[],"class_list":["post-17552","post","type-post","status-publish","format-standard","has-post-thumbnail","hentry","category-qro","entry"],"aioseo_notices":[],"_links":{"self":[{"href":"https:\/\/a3noticias.com.mx\/sandbox\/wp-json\/wp\/v2\/posts\/17552","targetHints":{"allow":["GET"]}}],"collection":[{"href":"https:\/\/a3noticias.com.mx\/sandbox\/wp-json\/wp\/v2\/posts"}],"about":[{"href":"https:\/\/a3noticias.com.mx\/sandbox\/wp-json\/wp\/v2\/types\/post"}],"author":[{"embeddable":true,"href":"https:\/\/a3noticias.com.mx\/sandbox\/wp-json\/wp\/v2\/users\/2"}],"replies":[{"embeddable":true,"href":"https:\/\/a3noticias.com.mx\/sandbox\/wp-json\/wp\/v2\/comments?post=17552"}],"version-history":[{"count":1,"href":"https:\/\/a3noticias.com.mx\/sandbox\/wp-json\/wp\/v2\/posts\/17552\/revisions"}],"predecessor-version":[{"id":17554,"href":"https:\/\/a3noticias.com.mx\/sandbox\/wp-json\/wp\/v2\/posts\/17552\/revisions\/17554"}],"wp:featuredmedia":[{"embeddable":true,"href":"https:\/\/a3noticias.com.mx\/sandbox\/wp-json\/wp\/v2\/media\/17553"}],"wp:attachment":[{"href":"https:\/\/a3noticias.com.mx\/sandbox\/wp-json\/wp\/v2\/media?parent=17552"}],"wp:term":[{"taxonomy":"category","embeddable":true,"href":"https:\/\/a3noticias.com.mx\/sandbox\/wp-json\/wp\/v2\/categories?post=17552"},{"taxonomy":"post_tag","embeddable":true,"href":"https:\/\/a3noticias.com.mx\/sandbox\/wp-json\/wp\/v2\/tags?post=17552"}],"curies":[{"name":"wp","href":"https:\/\/api.w.org\/{rel}","templated":true}]}}