{"id":17559,"date":"2021-12-11T10:39:19","date_gmt":"2021-12-11T16:39:19","guid":{"rendered":"https:\/\/a3noticias.com.mx\/sandbox\/?p=17559"},"modified":"2021-12-11T10:39:21","modified_gmt":"2021-12-11T16:39:21","slug":"san-juan-del-rio-clausura-parcialmente-empresa-contaminante","status":"publish","type":"post","link":"https:\/\/a3noticias.com.mx\/sandbox\/2021\/12\/11\/san-juan-del-rio-clausura-parcialmente-empresa-contaminante\/","title":{"rendered":"San Juan del R\u00edo clausura parcialmente empresa contaminante"},"content":{"rendered":"\n<p>En respuesta a los reportes ciudadanos de siete colonias de San Juan del R\u00edo, la Secretar\u00eda de Desarrollo Sustentable en el municipio; as\u00ed como la Junta de Agua Potable y Alcantarillado Municipal (JAPAM); Inspecci\u00f3n Sanitaria Municipal; y la Secretar\u00eda de Seguridad P\u00fablica Municipal; se llev\u00f3 a cabo la clausura parcial de una empresa probablemente responsable de la alteraci\u00f3n en el olor del ambiente en la zona oriente de la demarcaci\u00f3n.<\/p>\n\n\n\n<p>Las autoridades se\u00f1alaron que tras la revisi\u00f3n de la documentaci\u00f3n, se detect\u00f3 que la empresa no cumpl\u00eda con los requerimientos y los protocolos necesarios para la operaci\u00f3n de qu\u00edmicos, por lo que procedieron al cierre parcial de una empresa que probablemente habr\u00eda provocado afectaciones tanto ambientales como f\u00edsicos en los habitantes de las colonias El Dorado, Las Palomas, Las \u00c1guilas, El Pedregoso, El Pedregal, El Marfil y Lomas de San Juan.<\/p>\n\n\n\n<p>Para la continuidad en las operaciones, las autoridades se\u00f1alaron que la empresa tendr\u00e1 que presentar la documentaci\u00f3n correspondiente y demostrar la aplicaci\u00f3n de protocolos de seguridad en manejo de sustancias para garantizar la seguridad de las y los habitantes de San Juan del R\u00edo.<\/p>\n\n\n\n<p>Cabe se\u00f1alar que desde hace unos d\u00edas, vecinos de la Zona Oriente reportaron olores f\u00e9tidos que provocaron impacto en las y los ciudadanos con tos e irritaci\u00f3n de las v\u00edas respiratorias, lo cual deriv\u00f3 en diversas denuncias a las l\u00edneas de emergencia 911.<\/p>\n","protected":false},"excerpt":{"rendered":"<p>En respuesta a los reportes ciudadanos de siete colonias de San Juan del R\u00edo, la Secretar\u00eda de Desarrollo Sustentable en el municipio; as\u00ed como la Junta de Agua Potable y &hellip; <a href=\"https:\/\/a3noticias.com.mx\/sandbox\/2021\/12\/11\/san-juan-del-rio-clausura-parcialmente-empresa-contaminante\/\" class=\"more-link\">Leer m\u00e1s<\/a><\/p>\n","protected":false},"author":4,"featured_media":17560,"comment_status":"open","ping_status":"open","sticky":false,"template":"","format":"standard","meta":{"_monsterinsights_skip_tracking":false,"_monsterinsights_sitenote_active":false,"_monsterinsights_sitenote_note":"","_monsterinsights_sitenote_category":0,"footnotes":""},"categories":[2],"tags":[],"class_list":["post-17559","post","type-post","status-publish","format-standard","has-post-thumbnail","hentry","category-qro","entry"],"aioseo_notices":[],"_links":{"self":[{"href":"https:\/\/a3noticias.com.mx\/sandbox\/wp-json\/wp\/v2\/posts\/17559","targetHints":{"allow":["GET"]}}],"collection":[{"href":"https:\/\/a3noticias.com.mx\/sandbox\/wp-json\/wp\/v2\/posts"}],"about":[{"href":"https:\/\/a3noticias.com.mx\/sandbox\/wp-json\/wp\/v2\/types\/post"}],"author":[{"embeddable":true,"href":"https:\/\/a3noticias.com.mx\/sandbox\/wp-json\/wp\/v2\/users\/4"}],"replies":[{"embeddable":true,"href":"https:\/\/a3noticias.com.mx\/sandbox\/wp-json\/wp\/v2\/comments?post=17559"}],"version-history":[{"count":1,"href":"https:\/\/a3noticias.com.mx\/sandbox\/wp-json\/wp\/v2\/posts\/17559\/revisions"}],"predecessor-version":[{"id":17561,"href":"https:\/\/a3noticias.com.mx\/sandbox\/wp-json\/wp\/v2\/posts\/17559\/revisions\/17561"}],"wp:featuredmedia":[{"embeddable":true,"href":"https:\/\/a3noticias.com.mx\/sandbox\/wp-json\/wp\/v2\/media\/17560"}],"wp:attachment":[{"href":"https:\/\/a3noticias.com.mx\/sandbox\/wp-json\/wp\/v2\/media?parent=17559"}],"wp:term":[{"taxonomy":"category","embeddable":true,"href":"https:\/\/a3noticias.com.mx\/sandbox\/wp-json\/wp\/v2\/categories?post=17559"},{"taxonomy":"post_tag","embeddable":true,"href":"https:\/\/a3noticias.com.mx\/sandbox\/wp-json\/wp\/v2\/tags?post=17559"}],"curies":[{"name":"wp","href":"https:\/\/api.w.org\/{rel}","templated":true}]}}