{"id":17562,"date":"2021-12-11T12:57:34","date_gmt":"2021-12-11T18:57:34","guid":{"rendered":"https:\/\/a3noticias.com.mx\/sandbox\/?p=17562"},"modified":"2021-12-11T12:57:37","modified_gmt":"2021-12-11T18:57:37","slug":"secretaria-de-salud-sensibiliza-a-autoridades-municipales-en-materia-de-salud-publica","status":"publish","type":"post","link":"https:\/\/a3noticias.com.mx\/sandbox\/2021\/12\/11\/secretaria-de-salud-sensibiliza-a-autoridades-municipales-en-materia-de-salud-publica\/","title":{"rendered":"Secretar\u00eda de Salud sensibiliza a autoridades municipales en materia de salud p\u00fablica"},"content":{"rendered":"\n<p>La secretaria de Salud, Mar\u00eda Martina P\u00e9rez Rend\u00f3n, encabez\u00f3 la sesi\u00f3n de sensibilizaci\u00f3n a autoridades municipales en materia de salud p\u00fablica, con el objetivo de presentar&nbsp;el trabajo que realiza la Secretar\u00eda de Salud del estado de Quer\u00e9taro (SESA), a fin de sumar esfuerzos para mejorar la salud de la poblaci\u00f3n y fortalecer las actividades de prevenci\u00f3n y promoci\u00f3n de la salud a trav\u00e9s de implementar la Estrategia de Municipios y Comunidades Saludables.<\/p>\n\n\n\n<p>En su intervenci\u00f3n, P\u00e9rez Rend\u00f3n agradeci\u00f3 el compromiso de los gobiernos municipales por crear entornos y comunidades saludables y realizar sinergia con la Secretar\u00eda de Salud a trav\u00e9s de las cuatro Jurisdicciones Sanitarias en las cuales se encuentran ubicados los 18 municipios del estado.<\/p>\n\n\n\n<p>\u201cPromover la salud debe ir m\u00e1s all\u00e1 del cuidado de esta, la salud debe formar parte del orden del d\u00eda de todos los sectores municipales, generando un compromiso permanente para fortalecer el bienestar de la poblaci\u00f3n. La salud se crea y se vive, la salud no debe percibirse como un objetivo, sino como la fuente de riqueza de la vida cotidiana\u201d, asever\u00f3.<\/p>\n\n\n\n<p>El director General de Promoci\u00f3n de la Salud de la Secretar\u00eda de Salud Federal,&nbsp;Ricardo Cort\u00e9s Alcal\u00e1, present\u00f3 el Programa Pol\u00edticas de Salud P\u00fablica y Promoci\u00f3n de la Salud, en el cual se articula el trabajo con otros sectores y los tres \u00f3rdenes de gobierno, con el prop\u00f3sito de facilitar los procesos para que las personas puedan mejorar sus condiciones de vida y en consecuencia, de salud.<\/p>\n\n\n\n<p>Tambi\u00e9n se explic\u00f3 el proceso para certificarse como municipios promotores de salud; donde es necesario cumplir con las actividades como el constituir un comit\u00e9, actualizar o elaborar diagn\u00f3stico situacional municipal, programa de trabajo municipal, contar con acta de cabildo con el compromiso de implementar el programa y solicitud ante la SESA para incorporarse a la Red Queretana de Municipios por la salud.<\/p>\n\n\n\n<p>En esta reuni\u00f3n estuvieron presidentes, presidentas y representantes de los municipios de Quer\u00e9taro, as\u00ed como personal directivo estatal y de las cuatro Jurisdicciones Sanitarias de Servicios de Salud del Estado de Quer\u00e9taro (SESEQ).<\/p>\n","protected":false},"excerpt":{"rendered":"<p>La secretaria de Salud, Mar\u00eda Martina P\u00e9rez Rend\u00f3n, encabez\u00f3 la sesi\u00f3n de sensibilizaci\u00f3n a autoridades municipales en materia de salud p\u00fablica, con el objetivo de presentar&nbsp;el trabajo que realiza la &hellip; <a href=\"https:\/\/a3noticias.com.mx\/sandbox\/2021\/12\/11\/secretaria-de-salud-sensibiliza-a-autoridades-municipales-en-materia-de-salud-publica\/\" class=\"more-link\">Leer m\u00e1s<\/a><\/p>\n","protected":false},"author":4,"featured_media":17563,"comment_status":"open","ping_status":"open","sticky":false,"template":"","format":"standard","meta":{"_monsterinsights_skip_tracking":false,"_monsterinsights_sitenote_active":false,"_monsterinsights_sitenote_note":"","_monsterinsights_sitenote_category":0,"footnotes":""},"categories":[2],"tags":[],"class_list":["post-17562","post","type-post","status-publish","format-standard","has-post-thumbnail","hentry","category-qro","entry"],"aioseo_notices":[],"_links":{"self":[{"href":"https:\/\/a3noticias.com.mx\/sandbox\/wp-json\/wp\/v2\/posts\/17562","targetHints":{"allow":["GET"]}}],"collection":[{"href":"https:\/\/a3noticias.com.mx\/sandbox\/wp-json\/wp\/v2\/posts"}],"about":[{"href":"https:\/\/a3noticias.com.mx\/sandbox\/wp-json\/wp\/v2\/types\/post"}],"author":[{"embeddable":true,"href":"https:\/\/a3noticias.com.mx\/sandbox\/wp-json\/wp\/v2\/users\/4"}],"replies":[{"embeddable":true,"href":"https:\/\/a3noticias.com.mx\/sandbox\/wp-json\/wp\/v2\/comments?post=17562"}],"version-history":[{"count":1,"href":"https:\/\/a3noticias.com.mx\/sandbox\/wp-json\/wp\/v2\/posts\/17562\/revisions"}],"predecessor-version":[{"id":17564,"href":"https:\/\/a3noticias.com.mx\/sandbox\/wp-json\/wp\/v2\/posts\/17562\/revisions\/17564"}],"wp:featuredmedia":[{"embeddable":true,"href":"https:\/\/a3noticias.com.mx\/sandbox\/wp-json\/wp\/v2\/media\/17563"}],"wp:attachment":[{"href":"https:\/\/a3noticias.com.mx\/sandbox\/wp-json\/wp\/v2\/media?parent=17562"}],"wp:term":[{"taxonomy":"category","embeddable":true,"href":"https:\/\/a3noticias.com.mx\/sandbox\/wp-json\/wp\/v2\/categories?post=17562"},{"taxonomy":"post_tag","embeddable":true,"href":"https:\/\/a3noticias.com.mx\/sandbox\/wp-json\/wp\/v2\/tags?post=17562"}],"curies":[{"name":"wp","href":"https:\/\/api.w.org\/{rel}","templated":true}]}}