{"id":17594,"date":"2021-12-13T10:03:42","date_gmt":"2021-12-13T16:03:42","guid":{"rendered":"https:\/\/a3noticias.com.mx\/sandbox\/?p=17594"},"modified":"2021-12-13T10:03:44","modified_gmt":"2021-12-13T16:03:44","slug":"joe-biden-lamenta-la-muerte-de-vicente-fernandez","status":"publish","type":"post","link":"https:\/\/a3noticias.com.mx\/sandbox\/2021\/12\/13\/joe-biden-lamenta-la-muerte-de-vicente-fernandez\/","title":{"rendered":"Joe Biden lamenta la muerte de Vicente Fern\u00e1ndez"},"content":{"rendered":"\n<p>El presiente de Estados Unidos, Joe Biden, tambi\u00e9n se uni\u00f3 a los millones de personas que lamentan la muerte de Vicente Fern\u00e1ndez, quien falleci\u00f3 este domingo a las 6.15 de la ma\u00f1ana, a los 81 as\u00f3 de edad, tras meses hospitalizado.<\/p>\n\n\n\n<p>El mandatario estadounidense envi\u00f3 un mensaje a trav\u00e9s de su cuenta de Twitter, lamentando la muerte del cantante mexicano a quien defini\u00f3 como \u201cun \u00edcono\u201d cuya m\u00fasica \u201ccre\u00f3 recuerdos para millones de personas\u201d.<\/p>\n\n\n\n<blockquote class=\"wp-block-quote is-style-large is-layout-flow wp-block-quote-is-layout-flow\"><p>\u201cLa m\u00fasica mundial ha perdido a \u00edcono. La m\u00fasica de Vicente Fern\u00e1ndez cre\u00f3 recuerdos para millones. Enviamos nuestras condolencias a su familia y todos aquellos quienes lo amaron\u201d.\u00a0<\/p><\/blockquote>\n\n\n\n<p>Adem\u00e1s, Biden aprovech\u00f3 para asegurar que <strong><em>\u201cVicente ser\u00e1 recordado por generaciones venideras\u201d<\/em><\/strong>.\u00a0<\/p>\n\n\n\n<figure class=\"wp-block-embed-twitter wp-block-embed is-type-rich is-provider-twitter\"><div class=\"wp-block-embed__wrapper\">\n<blockquote class=\"twitter-tweet\" data-width=\"550\" data-dnt=\"true\"><p lang=\"en\" dir=\"ltr\">The music world has lost an icon. <br><br>The music of Vicente Fern\u00e1ndez created memories for millions. We send our condolences to his family and all those who loved him.<br><br>Vicente will be remembered for generations to come.<\/p>&mdash; President Biden (@POTUS) <a href=\"https:\/\/twitter.com\/POTUS\/status\/1470217563850391555?ref_src=twsrc%5Etfw\">December 13, 2021<\/a><\/blockquote><script async src=\"https:\/\/platform.twitter.com\/widgets.js\" charset=\"utf-8\"><\/script>\n<\/div><\/figure>\n","protected":false},"excerpt":{"rendered":"<p>El presiente de Estados Unidos, Joe Biden, tambi\u00e9n se uni\u00f3 a los millones de personas que lamentan la muerte de Vicente Fern\u00e1ndez, quien falleci\u00f3 este domingo a las 6.15 de &hellip; <a href=\"https:\/\/a3noticias.com.mx\/sandbox\/2021\/12\/13\/joe-biden-lamenta-la-muerte-de-vicente-fernandez\/\" class=\"more-link\">Leer m\u00e1s<\/a><\/p>\n","protected":false},"author":4,"featured_media":17595,"comment_status":"open","ping_status":"open","sticky":false,"template":"","format":"standard","meta":{"_monsterinsights_skip_tracking":false,"_monsterinsights_sitenote_active":false,"_monsterinsights_sitenote_note":"","_monsterinsights_sitenote_category":0,"footnotes":""},"categories":[13],"tags":[],"class_list":["post-17594","post","type-post","status-publish","format-standard","has-post-thumbnail","hentry","category-entretenimiento","entry"],"aioseo_notices":[],"_links":{"self":[{"href":"https:\/\/a3noticias.com.mx\/sandbox\/wp-json\/wp\/v2\/posts\/17594","targetHints":{"allow":["GET"]}}],"collection":[{"href":"https:\/\/a3noticias.com.mx\/sandbox\/wp-json\/wp\/v2\/posts"}],"about":[{"href":"https:\/\/a3noticias.com.mx\/sandbox\/wp-json\/wp\/v2\/types\/post"}],"author":[{"embeddable":true,"href":"https:\/\/a3noticias.com.mx\/sandbox\/wp-json\/wp\/v2\/users\/4"}],"replies":[{"embeddable":true,"href":"https:\/\/a3noticias.com.mx\/sandbox\/wp-json\/wp\/v2\/comments?post=17594"}],"version-history":[{"count":1,"href":"https:\/\/a3noticias.com.mx\/sandbox\/wp-json\/wp\/v2\/posts\/17594\/revisions"}],"predecessor-version":[{"id":17596,"href":"https:\/\/a3noticias.com.mx\/sandbox\/wp-json\/wp\/v2\/posts\/17594\/revisions\/17596"}],"wp:featuredmedia":[{"embeddable":true,"href":"https:\/\/a3noticias.com.mx\/sandbox\/wp-json\/wp\/v2\/media\/17595"}],"wp:attachment":[{"href":"https:\/\/a3noticias.com.mx\/sandbox\/wp-json\/wp\/v2\/media?parent=17594"}],"wp:term":[{"taxonomy":"category","embeddable":true,"href":"https:\/\/a3noticias.com.mx\/sandbox\/wp-json\/wp\/v2\/categories?post=17594"},{"taxonomy":"post_tag","embeddable":true,"href":"https:\/\/a3noticias.com.mx\/sandbox\/wp-json\/wp\/v2\/tags?post=17594"}],"curies":[{"name":"wp","href":"https:\/\/api.w.org\/{rel}","templated":true}]}}