{"id":17770,"date":"2021-12-21T14:01:57","date_gmt":"2021-12-21T20:01:57","guid":{"rendered":"https:\/\/a3noticias.com.mx\/sandbox\/?p=17770"},"modified":"2021-12-21T14:01:59","modified_gmt":"2021-12-21T20:01:59","slug":"no-habra-nuevas-medidas-sanitarias-en-fiestas-decembrinas-a-menos-que-contagios-aumenten-seseq","status":"publish","type":"post","link":"https:\/\/a3noticias.com.mx\/sandbox\/2021\/12\/21\/no-habra-nuevas-medidas-sanitarias-en-fiestas-decembrinas-a-menos-que-contagios-aumenten-seseq\/","title":{"rendered":"No habr\u00e1 nuevas medidas sanitarias en fiestas decembrinas, a menos que contagios aumenten: SESEQ"},"content":{"rendered":"\n<p>La Secretar\u00eda de Salud en el estado, Martina P\u00e9rez Rend\u00f3n, descart\u00f3 la posibilidad de tomar alguna medida extra con relaci\u00f3n a la movilidad y aforos en el marco de la celebraci\u00f3n de las fiestas decembrinas, sin embargo enfatiz\u00f3 que de ser necesario, dado el comportamiento de la enfermedad, las Secretar\u00eda de Salud tomar\u00e1 las medidas correspondientes.&nbsp;<\/p>\n\n\n\n<blockquote class=\"wp-block-quote is-layout-flow wp-block-quote-is-layout-flow\"><p>\u201cSi empez\u00e1ramos a tener incremento y los par\u00e1metros que ya tenemos establecidos pudiera caber la posibilidad de alguna restricci\u00f3n en aforos, en horarios. Por lo pronto no\u201d.<\/p><\/blockquote>\n\n\n\n<p>En ese sentido destac\u00f3 que la decisi\u00f3n de mantener las mismas condiciones sanitarias se debe a la baja de contagios de la enfermedad en el estado.<\/p>\n\n\n\n<blockquote class=\"wp-block-quote is-layout-flow wp-block-quote-is-layout-flow\"><p>\u201cNo se prev\u00e9 en este momento, con los n\u00fameros tenemos una tendencia descendente y estable en cuanto a hospitalizados, que se tome una medida extra\u201d.<\/p><\/blockquote>\n\n\n\n<p>En ese sentido garantiz\u00f3 que Riesgos Sanitarios estar\u00e1 atento durante esta temporada, con el fin de garantizar el cumplimiento de las medidas sanitarias.&nbsp;<\/p>\n","protected":false},"excerpt":{"rendered":"<p>La Secretar\u00eda de Salud en el estado, Martina P\u00e9rez Rend\u00f3n, descart\u00f3 la posibilidad de tomar alguna medida extra con relaci\u00f3n a la movilidad y aforos en el marco de la &hellip; <a href=\"https:\/\/a3noticias.com.mx\/sandbox\/2021\/12\/21\/no-habra-nuevas-medidas-sanitarias-en-fiestas-decembrinas-a-menos-que-contagios-aumenten-seseq\/\" class=\"more-link\">Leer m\u00e1s<\/a><\/p>\n","protected":false},"author":2,"featured_media":17771,"comment_status":"open","ping_status":"open","sticky":false,"template":"","format":"standard","meta":{"_monsterinsights_skip_tracking":false,"_monsterinsights_sitenote_active":false,"_monsterinsights_sitenote_note":"","_monsterinsights_sitenote_category":0,"footnotes":""},"categories":[2],"tags":[],"class_list":["post-17770","post","type-post","status-publish","format-standard","has-post-thumbnail","hentry","category-qro","entry"],"aioseo_notices":[],"_links":{"self":[{"href":"https:\/\/a3noticias.com.mx\/sandbox\/wp-json\/wp\/v2\/posts\/17770","targetHints":{"allow":["GET"]}}],"collection":[{"href":"https:\/\/a3noticias.com.mx\/sandbox\/wp-json\/wp\/v2\/posts"}],"about":[{"href":"https:\/\/a3noticias.com.mx\/sandbox\/wp-json\/wp\/v2\/types\/post"}],"author":[{"embeddable":true,"href":"https:\/\/a3noticias.com.mx\/sandbox\/wp-json\/wp\/v2\/users\/2"}],"replies":[{"embeddable":true,"href":"https:\/\/a3noticias.com.mx\/sandbox\/wp-json\/wp\/v2\/comments?post=17770"}],"version-history":[{"count":1,"href":"https:\/\/a3noticias.com.mx\/sandbox\/wp-json\/wp\/v2\/posts\/17770\/revisions"}],"predecessor-version":[{"id":17772,"href":"https:\/\/a3noticias.com.mx\/sandbox\/wp-json\/wp\/v2\/posts\/17770\/revisions\/17772"}],"wp:featuredmedia":[{"embeddable":true,"href":"https:\/\/a3noticias.com.mx\/sandbox\/wp-json\/wp\/v2\/media\/17771"}],"wp:attachment":[{"href":"https:\/\/a3noticias.com.mx\/sandbox\/wp-json\/wp\/v2\/media?parent=17770"}],"wp:term":[{"taxonomy":"category","embeddable":true,"href":"https:\/\/a3noticias.com.mx\/sandbox\/wp-json\/wp\/v2\/categories?post=17770"},{"taxonomy":"post_tag","embeddable":true,"href":"https:\/\/a3noticias.com.mx\/sandbox\/wp-json\/wp\/v2\/tags?post=17770"}],"curies":[{"name":"wp","href":"https:\/\/api.w.org\/{rel}","templated":true}]}}