{"id":17776,"date":"2021-12-22T09:56:45","date_gmt":"2021-12-22T15:56:45","guid":{"rendered":"https:\/\/a3noticias.com.mx\/sandbox\/?p=17776"},"modified":"2021-12-22T09:56:48","modified_gmt":"2021-12-22T15:56:48","slug":"sospechan-de-tres-casos-de-omicron-en-queretaro","status":"publish","type":"post","link":"https:\/\/a3noticias.com.mx\/sandbox\/2021\/12\/22\/sospechan-de-tres-casos-de-omicron-en-queretaro\/","title":{"rendered":"Sospechan de tres casos de \u00d3micron en Quer\u00e9taro"},"content":{"rendered":"\n<p>La Secretar\u00eda de Salud del Estado de Quer\u00e9taro (SESEQ), inform\u00f3 que existen tres casos confirmados de Covid-19 en la entidad, que sospechan pertenecen a la nueva variante \u00d3micron, por lo que fueron enviadas al Instituto de Diagn\u00f3stico y Referencia Epidemiol\u00f3gica (InDRE) para su an\u00e1lisis.<\/p>\n\n\n\n<p>La titular de la Secretar\u00eda de Salud estatal, Martina P\u00e9rez Rend\u00f3n, refiri\u00f3 que se trata de personas provenientes de Estados Unidos y Canad\u00e1, que tuvieron contacto con pacientes confirmados con \u00d3micron.&nbsp;<\/p>\n\n\n\n<blockquote class=\"wp-block-quote is-layout-flow wp-block-quote-is-layout-flow\"><p>\u201cTenemos un caso que se envi\u00f3 a secuenciaci\u00f3n la semana pasada, de una persona que ven\u00eda de Canad\u00e1 y ayer otro de Estados Unidos y apenas se tom\u00f3 la muestra ayer\u201c, indic\u00f3.<\/p><\/blockquote>\n\n\n\n<p>Advirti\u00f3 que los resultados tardan en entregarse alrededor de tres semanas, por lo que a\u00fan no se puede afirmar la presencia de la nueva variante en Quer\u00e9taro.<\/p>\n\n\n\n<p>Indic\u00f3 que ser\u00e1 inevitable que esta nueva cepa de la enfermedad llegue a Quer\u00e9taro, pues actualmente ya tiene presencia en m\u00e1s de 90 pa\u00edses.<\/p>\n\n\n\n<p>Por su parte, Jos\u00e9 Hern\u00e1ndez Puga, responsable Estatal del Reglamento Sanitario Internacional de la Secretar\u00eda de Salud,&nbsp;indic\u00f3 que como la secuenciaci\u00f3n es lenta,&nbsp;se invit\u00f3 a laboratorios privados que no est\u00e1n en el consorcios de vigilancia gen\u00f3mica y que realizan la secuenciaci\u00f3n gen\u00f3mica, a reportar sus resultados para tener un panorama m\u00e1s real de lo que sucede en el pa\u00eds.<\/p>\n\n\n\n<p>Asimismo, con respecto al comportamiento de \u00d3micron, dijo que aunque es mayormente contagiable, su sintomatolog\u00eda suele ser m\u00e1s leve.<\/p>\n\n\n\n<blockquote class=\"wp-block-quote is-layout-flow wp-block-quote-is-layout-flow\"><p>\u201cHasta el momento lo que se ha identificado es que tiene una mayor contagiosidad, una mayor velocidad de contagio, todav\u00eda no se clasifica el que produzca una enfermedad m\u00e1s grave, al parecer son cuadros leves\u201d, apunt\u00f3.<\/p><\/blockquote>\n","protected":false},"excerpt":{"rendered":"<p>La Secretar\u00eda de Salud del Estado de Quer\u00e9taro (SESEQ), inform\u00f3 que existen tres casos confirmados de Covid-19 en la entidad, que sospechan pertenecen a la nueva variante \u00d3micron, por lo &hellip; <a href=\"https:\/\/a3noticias.com.mx\/sandbox\/2021\/12\/22\/sospechan-de-tres-casos-de-omicron-en-queretaro\/\" class=\"more-link\">Leer m\u00e1s<\/a><\/p>\n","protected":false},"author":4,"featured_media":17777,"comment_status":"open","ping_status":"open","sticky":false,"template":"","format":"standard","meta":{"_monsterinsights_skip_tracking":false,"_monsterinsights_sitenote_active":false,"_monsterinsights_sitenote_note":"","_monsterinsights_sitenote_category":0,"footnotes":""},"categories":[2],"tags":[],"class_list":["post-17776","post","type-post","status-publish","format-standard","has-post-thumbnail","hentry","category-qro","entry"],"aioseo_notices":[],"_links":{"self":[{"href":"https:\/\/a3noticias.com.mx\/sandbox\/wp-json\/wp\/v2\/posts\/17776","targetHints":{"allow":["GET"]}}],"collection":[{"href":"https:\/\/a3noticias.com.mx\/sandbox\/wp-json\/wp\/v2\/posts"}],"about":[{"href":"https:\/\/a3noticias.com.mx\/sandbox\/wp-json\/wp\/v2\/types\/post"}],"author":[{"embeddable":true,"href":"https:\/\/a3noticias.com.mx\/sandbox\/wp-json\/wp\/v2\/users\/4"}],"replies":[{"embeddable":true,"href":"https:\/\/a3noticias.com.mx\/sandbox\/wp-json\/wp\/v2\/comments?post=17776"}],"version-history":[{"count":1,"href":"https:\/\/a3noticias.com.mx\/sandbox\/wp-json\/wp\/v2\/posts\/17776\/revisions"}],"predecessor-version":[{"id":17778,"href":"https:\/\/a3noticias.com.mx\/sandbox\/wp-json\/wp\/v2\/posts\/17776\/revisions\/17778"}],"wp:featuredmedia":[{"embeddable":true,"href":"https:\/\/a3noticias.com.mx\/sandbox\/wp-json\/wp\/v2\/media\/17777"}],"wp:attachment":[{"href":"https:\/\/a3noticias.com.mx\/sandbox\/wp-json\/wp\/v2\/media?parent=17776"}],"wp:term":[{"taxonomy":"category","embeddable":true,"href":"https:\/\/a3noticias.com.mx\/sandbox\/wp-json\/wp\/v2\/categories?post=17776"},{"taxonomy":"post_tag","embeddable":true,"href":"https:\/\/a3noticias.com.mx\/sandbox\/wp-json\/wp\/v2\/tags?post=17776"}],"curies":[{"name":"wp","href":"https:\/\/api.w.org\/{rel}","templated":true}]}}