{"id":17794,"date":"2021-12-24T13:45:00","date_gmt":"2021-12-24T19:45:00","guid":{"rendered":"https:\/\/a3noticias.com.mx\/sandbox\/?p=17794"},"modified":"2021-12-22T14:00:18","modified_gmt":"2021-12-22T20:00:18","slug":"cual-fue-el-origen-de-las-posadas","status":"publish","type":"post","link":"https:\/\/a3noticias.com.mx\/sandbox\/2021\/12\/24\/cual-fue-el-origen-de-las-posadas\/","title":{"rendered":"\u00bfCu\u00e1l fue el origen de las posadas?"},"content":{"rendered":"\n<p>Las posadas son una serie de festividades que se llevan a cabo en M\u00e9xico desde tiempos de la Colonia. Su origen es de car\u00e1cter religioso, en el que se representa el peregrinar de Jos\u00e9 y Mar\u00eda en su camino a Bel\u00e9n, pero desde finales del siglo XVIII forman parte de la cultura popular al ser organizadas por las familias.<\/p>\n\n\n\n<p>Antes de la llegada de los espa\u00f1oles, los aztecas celebraban durante el mes de panquetzaliztli, equivalente al mes de diciembre, la llegada de Huitzilopochtli, que era el dios de la guerra. Estas solemnes fiestas comenzaban el d\u00eda seis y duraban 20 d\u00edas, en los cuales coronaban a su dios poniendo banderas en los \u00e1rboles frutales y estandartes en el templo principal, a esta tradici\u00f3n se le conoc\u00eda con el nombre de \u00ablevantamiento de banderas\u00bb.<\/p>\n\n\n\n<p>El pueblo se congregaba en los patios de los templos y esperaban la llegada del solsticio de invierno. El d\u00eda 24 por la noche y durante el transcurso del d\u00eda 25 hab\u00eda festejos en todas las casas, en los cuales se ofrec\u00eda comida a los invitados y unas estatuas peque\u00f1as de pasta llamadas \u00abtzoatl\u00ab.<\/p>\n\n\n\n<p>El antrop\u00f3logo Fernando H\u00edjar coment\u00f3 que la tradici\u00f3n de las posadas surge con la llegada de los espa\u00f1oles a M\u00e9xico, en d\u00f3nde los religiosos encargados de la evangelizaci\u00f3n del pueblo suplantaron el culto al dios de la guerra por la pr\u00e1ctica europea de preparaci\u00f3n para la Navidad, las posadas.<\/p>\n\n\n\n<p>En un principio a estos festejos se les llam\u00f3 \u00abMisas de aguinaldo\u00bb y desde ese entonces se llevaban a cabo del 16 al 24 de diciembre en los atrios de las iglesias y conventos. La celebraci\u00f3n consist\u00eda en proclamar la misa junto con pasajes y representaciones alusivas a la Navidad; adicionalmente se daban peque\u00f1os regalos a los asistentes, conocidos como aguinaldos.<\/p>\n\n\n\n<p>A lo largo del tiempo, el mismo pueblo fue agregando elementos m\u00e1s atractivos a estas celebraciones como velas, luces de bengala y pi\u00f1atas hasta adoptar estas fiestas en sus barrios y casas. Esta transici\u00f3n del templo a las calles fue permitido por la iglesia con el fin de que estas festividades tuvieran una mayor difusi\u00f3n entre los habitantes, por lo que la tradici\u00f3n se ha ido transformando de acuerdo con la cultura de cada zona o regi\u00f3n de M\u00e9xico.<\/p>\n\n\n\n<p>Una vez reunidos los invitados a esta celebraci\u00f3n, se disponen a representar la solicitud de alojamiento que realizaron San Jos\u00e9 y la Virgen Mar\u00eda en su peregrinar de la ciudad de Nazaret en camino a Bel\u00e9n. Para simbolizar este acontecimiento los invitados hacen dos grupos, uno de ellos debe salir de la casa acompa\u00f1ados de figuras que representan a los peregrinos, Jos\u00e9 y Mar\u00eda, los cuales piden posada en la puerta entonando la caracter\u00edstica letan\u00eda:&nbsp;<\/p>\n\n\n\n<div class=\"wp-block-group\"><div class=\"wp-block-group__inner-container is-layout-flow wp-block-group-is-layout-flow\">\n<blockquote class=\"wp-block-quote is-layout-flow wp-block-quote-is-layout-flow\"><p>En el nombre del cielo<\/p><p>Os pido posada\u2026\u00a0<\/p><\/blockquote>\n<\/div><\/div>\n\n\n\n<p>Es importante mencionar que durante la posada todos los integrantes llevan consigo velas y un cuadernillo con las letan\u00edas. Una vez concedida la posada comienza la convivencia entre los participantes, la cual llega a su m\u00e1ximo esplendor al momento de romper la pi\u00f1ata, la cual debe estar llena de fruta, dulces y colaci\u00f3n.<\/p>\n","protected":false},"excerpt":{"rendered":"<p>Las posadas son una serie de festividades que se llevan a cabo en M\u00e9xico desde tiempos de la Colonia. Su origen es de car\u00e1cter religioso, en el que se representa &hellip; <a href=\"https:\/\/a3noticias.com.mx\/sandbox\/2021\/12\/24\/cual-fue-el-origen-de-las-posadas\/\" class=\"more-link\">Leer m\u00e1s<\/a><\/p>\n","protected":false},"author":2,"featured_media":17795,"comment_status":"open","ping_status":"open","sticky":false,"template":"","format":"standard","meta":{"_monsterinsights_skip_tracking":false,"_monsterinsights_sitenote_active":false,"_monsterinsights_sitenote_note":"","_monsterinsights_sitenote_category":0,"footnotes":""},"categories":[9],"tags":[],"class_list":["post-17794","post","type-post","status-publish","format-standard","has-post-thumbnail","hentry","category-cultura","entry"],"aioseo_notices":[],"_links":{"self":[{"href":"https:\/\/a3noticias.com.mx\/sandbox\/wp-json\/wp\/v2\/posts\/17794","targetHints":{"allow":["GET"]}}],"collection":[{"href":"https:\/\/a3noticias.com.mx\/sandbox\/wp-json\/wp\/v2\/posts"}],"about":[{"href":"https:\/\/a3noticias.com.mx\/sandbox\/wp-json\/wp\/v2\/types\/post"}],"author":[{"embeddable":true,"href":"https:\/\/a3noticias.com.mx\/sandbox\/wp-json\/wp\/v2\/users\/2"}],"replies":[{"embeddable":true,"href":"https:\/\/a3noticias.com.mx\/sandbox\/wp-json\/wp\/v2\/comments?post=17794"}],"version-history":[{"count":1,"href":"https:\/\/a3noticias.com.mx\/sandbox\/wp-json\/wp\/v2\/posts\/17794\/revisions"}],"predecessor-version":[{"id":17796,"href":"https:\/\/a3noticias.com.mx\/sandbox\/wp-json\/wp\/v2\/posts\/17794\/revisions\/17796"}],"wp:featuredmedia":[{"embeddable":true,"href":"https:\/\/a3noticias.com.mx\/sandbox\/wp-json\/wp\/v2\/media\/17795"}],"wp:attachment":[{"href":"https:\/\/a3noticias.com.mx\/sandbox\/wp-json\/wp\/v2\/media?parent=17794"}],"wp:term":[{"taxonomy":"category","embeddable":true,"href":"https:\/\/a3noticias.com.mx\/sandbox\/wp-json\/wp\/v2\/categories?post=17794"},{"taxonomy":"post_tag","embeddable":true,"href":"https:\/\/a3noticias.com.mx\/sandbox\/wp-json\/wp\/v2\/tags?post=17794"}],"curies":[{"name":"wp","href":"https:\/\/api.w.org\/{rel}","templated":true}]}}