{"id":17835,"date":"2021-12-30T13:00:00","date_gmt":"2021-12-30T19:00:00","guid":{"rendered":"https:\/\/a3noticias.com.mx\/sandbox\/?p=17835"},"modified":"2021-12-23T19:44:16","modified_gmt":"2021-12-24T01:44:16","slug":"este-es-el-origen-de-la-tradicion-de-los-reyes-magos","status":"publish","type":"post","link":"https:\/\/a3noticias.com.mx\/sandbox\/2021\/12\/30\/este-es-el-origen-de-la-tradicion-de-los-reyes-magos\/","title":{"rendered":"Este es el origen de la tradici\u00f3n de los Reyes Magos"},"content":{"rendered":"\n<p>Los Reyes Magos son conocidos por los ni\u00f1os mexicanos y de algunos otros pa\u00edses, por traerles regalos el 6 de enero. Sin embargo, pocos conocen el origen de esta tradici\u00f3n y el papel de sus personajes en el nacimiento de Jes\u00fas, el hijo de Dios.<\/p>\n\n\n\n<p>El origen de los Reyes Magos es meramente religioso, de acuerdo con el evangelio de Mateo, en la Biblia, estos hombres eran tres y proven\u00edan de oriente, no contaban con ning\u00fan tipo de poder m\u00e1gico, no eran hechiceros, mucho menos reyes, sin embargo, pose\u00edan amplios conocimientos en astronom\u00eda y ciencia.<\/p>\n\n\n\n<p>En el siglo III el Papa Le\u00f3n I estableci\u00f3 que se les denominara reyes pues por los regalos que llevaron se cre\u00eda era gente con grandes riquezas, se supuso que eran tres pues era la cantidad de regalos enviados.<\/p>\n\n\n\n<p>El nombre de Melchor, Gaspar y Baltazar, se le ata\u00f1e a un famoso mosaico del siglo VI en Ravena, Italia donde aparecieron por primera vez.&nbsp;<\/p>\n\n\n\n<p>Su imagen cambi\u00f3 a lo largo de los siglos, pues en su origen la vestimenta con la que se les ilustraba era al estilo persa, transform\u00e1ndose durante el siglo XV para darles una apariencia que pudiera representar a las tres \u201crazas\u201d de la edad media. Fue as\u00ed como Melchor representaba Europa, Gaspar Asia y Baltasar a \u00c1frica.<\/p>\n\n\n\n<p>Fue hasta el siglo XIX cuando se volvi\u00f3 lo m\u00e1s parecido a lo que ahora conocemos, pues en Espa\u00f1a, se convirti\u00f3 la noche anterior a la Epifan\u00eda en Noche de Reyes y los ni\u00f1os encontraban obsequios ese d\u00eda. A partir de la segunda mitad del mismo siglo, la tradici\u00f3n se extendi\u00f3 a pa\u00edses como M\u00e9xico.&nbsp;<\/p>\n","protected":false},"excerpt":{"rendered":"<p>Los Reyes Magos son conocidos por los ni\u00f1os mexicanos y de algunos otros pa\u00edses, por traerles regalos el 6 de enero. Sin embargo, pocos conocen el origen de esta tradici\u00f3n &hellip; <a href=\"https:\/\/a3noticias.com.mx\/sandbox\/2021\/12\/30\/este-es-el-origen-de-la-tradicion-de-los-reyes-magos\/\" class=\"more-link\">Leer m\u00e1s<\/a><\/p>\n","protected":false},"author":4,"featured_media":17836,"comment_status":"open","ping_status":"open","sticky":false,"template":"","format":"standard","meta":{"_monsterinsights_skip_tracking":false,"_monsterinsights_sitenote_active":false,"_monsterinsights_sitenote_note":"","_monsterinsights_sitenote_category":0,"footnotes":""},"categories":[9],"tags":[],"class_list":["post-17835","post","type-post","status-publish","format-standard","has-post-thumbnail","hentry","category-cultura","entry"],"aioseo_notices":[],"_links":{"self":[{"href":"https:\/\/a3noticias.com.mx\/sandbox\/wp-json\/wp\/v2\/posts\/17835","targetHints":{"allow":["GET"]}}],"collection":[{"href":"https:\/\/a3noticias.com.mx\/sandbox\/wp-json\/wp\/v2\/posts"}],"about":[{"href":"https:\/\/a3noticias.com.mx\/sandbox\/wp-json\/wp\/v2\/types\/post"}],"author":[{"embeddable":true,"href":"https:\/\/a3noticias.com.mx\/sandbox\/wp-json\/wp\/v2\/users\/4"}],"replies":[{"embeddable":true,"href":"https:\/\/a3noticias.com.mx\/sandbox\/wp-json\/wp\/v2\/comments?post=17835"}],"version-history":[{"count":1,"href":"https:\/\/a3noticias.com.mx\/sandbox\/wp-json\/wp\/v2\/posts\/17835\/revisions"}],"predecessor-version":[{"id":17837,"href":"https:\/\/a3noticias.com.mx\/sandbox\/wp-json\/wp\/v2\/posts\/17835\/revisions\/17837"}],"wp:featuredmedia":[{"embeddable":true,"href":"https:\/\/a3noticias.com.mx\/sandbox\/wp-json\/wp\/v2\/media\/17836"}],"wp:attachment":[{"href":"https:\/\/a3noticias.com.mx\/sandbox\/wp-json\/wp\/v2\/media?parent=17835"}],"wp:term":[{"taxonomy":"category","embeddable":true,"href":"https:\/\/a3noticias.com.mx\/sandbox\/wp-json\/wp\/v2\/categories?post=17835"},{"taxonomy":"post_tag","embeddable":true,"href":"https:\/\/a3noticias.com.mx\/sandbox\/wp-json\/wp\/v2\/tags?post=17835"}],"curies":[{"name":"wp","href":"https:\/\/api.w.org\/{rel}","templated":true}]}}